{"id":51,"date":"2026-01-01T20:13:00","date_gmt":"2026-01-01T23:13:00","guid":{"rendered":"https:\/\/teseseantiteses.com.br\/site\/?p=51"},"modified":"2026-01-29T03:30:05","modified_gmt":"2026-01-29T06:30:05","slug":"mega-da-virada-ou-mega-do-atraso","status":"publish","type":"post","link":"https:\/\/teseseantiteses.com.br\/site\/mega-da-virada-ou-mega-do-atraso\/","title":{"rendered":"Mega da Virada ou Mega do Atraso?"},"content":{"rendered":"\n<p>A Caixa Econ\u00f4mica Federal anunciou, ontem, por volta das 23h25min, o adiamento do sorteio da Mega da Virada. O an\u00fancio, feito uma hora e vinte e cinco minutos ap\u00f3s o hor\u00e1rio marcado para a extra\u00e7\u00e3o de final de ano &gt;&nbsp;<a href=\"https:\/\/www.instagram.com\/p\/DS84RCAkfIv\/\">https:\/\/www.instagram.com\/p\/DS84RCAkfIv\/<\/a>&gt;, surpreendeu a todos, visto que o motivo do adiamento teria sido \u201co enorme sucesso de vendas da Mega da Virada com recorde de apostas\u201d, por\u00e9m a leitura correta do adiamento \u00e9 que houve problemas t\u00e9cnicos e a Caixa n\u00e3o conseguiu contabilizar todas as apostas.<\/p>\n\n\n\n<p>A Caixa \u00e9 uma empresa p\u00fablica que movimenta um gigantesco e formid\u00e1vel capital social, R$ 105.300.000.000,00 (cento e cinco bilh\u00f5es e trezentos milh\u00f5es de reais), totalmente subscrito e integralizado pela Uni\u00e3o, consoante art. 7\u00b0 do seu Estatuto Social e na forma de decis\u00e3o da Assembleia Geral Ordin\u00e1ria da CEF realizada em 21 de agosto de 2025, contida em Ata de publica\u00e7\u00e3o oficial &gt;&nbsp;<strong>chrome-extension:\/\/efaidnbmnnnibpcajpcglclefindmkaj\/<a href=\"https:\/\/www.caixa.gov.br\/Downloads\/caixa-governanca\/Estatuto_Social_da_Caixa_Economica_Federal.pdf\" target=\"_blank\" rel=\"noreferrer noopener\">https:\/\/www.caixa.gov.br\/Downloads\/caixa-governanca\/Estatuto_Social_da_Caixa_Economica_Federal.pdf<\/a><\/strong>&nbsp;&gt;. Parte desse fabuloso capital decorre da sua fun\u00e7\u00e3o de banco social e da exclusiva administra\u00e7\u00e3o e presta\u00e7\u00e3o de servi\u00e7os das loterias. Devia contar, portanto, com uma boa estrutura, que agora revela n\u00e3o possuir, para fazer esse sorteio da Mega-Sena, e n\u00e3o pode simplesmente dizer que, no dia previsto para a realiza\u00e7\u00e3o da extra\u00e7\u00e3o da sua loteria mais importante, precisou fazer &#8220;ajustes operacionais&#8221;!&nbsp;<\/p>\n\n\n\n<p><strong>Injustific\u00e1vel a motiva\u00e7\u00e3o<\/strong>, pois n\u00e3o houve nenhuma hecatombe ou cat\u00e1strofe para justifica\u00e7\u00e3o plaus\u00edvel do surpreendente adiamento.<\/p>\n\n\n\n<p>N\u00e3o h\u00e1 d\u00favida: o sistema eletr\u00f4nico implantado pela Caixa para contabiliza\u00e7\u00e3o das apostas falhou. E o an\u00fancio tardio do adiamento de sua loteria mais importante demonstra inequivocamente a falta de presteza e da devida aten\u00e7\u00e3o da institui\u00e7\u00e3o, que \u00e9 tida como maior banco social do pa\u00eds, para com o p\u00fablico apostador.<\/p>\n\n\n\n<p><strong>Faltou compet\u00eancia \u00e0 Caixa na operacionaliza\u00e7\u00e3o da sua loteria de grande porte<\/strong>. De acreditar que o sistema eletr\u00f4nico da Caixa tenha sofrido&nbsp;<em><strong>uma pane&nbsp;<\/strong><\/em>por n\u00e3o suportar um gigantesco n\u00famero de apostas recordes, o que j\u00e1 era previs\u00edvel, considerando o fabuloso pr\u00eamio oferecido de mais de R$ 1,09 bilh\u00e3o, segundo estimativa das \u00faltimas horas.<\/p>\n\n\n\n<p><strong>O fato dep\u00f5e contra a credibilidade da institui\u00e7\u00e3o banc\u00e1ria no gerenciamento de loterias com movimenta\u00e7\u00e3o extraordin\u00e1ria na capta\u00e7\u00e3o de apostas<\/strong>.<\/p>\n\n\n\n<p>T\u00e9cnicos e pessoal de apoio da Caixa, que cuidam da realiza\u00e7\u00e3o do sorteio da Mega-Sena da Virada, o mais noticiado e valioso megaevento lot\u00e9rico do ano em nosso pa\u00eds, provavelmente passaram o resto da noite e entraram pela madrugada para poderem cumprir a promessa de realizar o maior evento lot\u00e9rico do ano neste domingo, 1\u00ba de janeiro, por volta das 10 horas.<\/p>\n\n\n\n<p><strong>Resta saber se todas as apostas realizadas nos mais distantes rinc\u00f5es do pa\u00eds est\u00e3o devidamente contabilizadas<\/strong>&nbsp;no grande sistema lot\u00e9rico da empresa p\u00fablica que se tornou refer\u00eancia mundial na venda de apostas de jogos de azar.<\/p>\n\n\n\n<p><\/p>\n","protected":false},"excerpt":{"rendered":"<p>A Caixa Econ\u00f4mica Federal anunciou, ontem, por volta das 23h25min, o adiamento do sorteio da Mega da Virada. O an\u00fancio, feito uma hora e vinte e cinco minutos ap\u00f3s o hor\u00e1rio marcado para a extra\u00e7\u00e3o de final de ano &gt;&nbsp;https:\/\/www.instagram.com\/p\/DS84RCAkfIv\/&gt;, surpreendeu a todos, visto que o motivo do adiamento teria sido \u201co enorme sucesso de [&hellip;]<\/p>\n","protected":false},"author":2,"featured_media":0,"comment_status":"open","ping_status":"open","sticky":false,"template":"","format":"standard","meta":{"footnotes":""},"categories":[18],"tags":[],"class_list":["post-51","post","type-post","status-publish","format-standard","hentry","category-loterias"],"yoast_head":"<!-- This site is optimized with the Yoast SEO plugin v26.8 - https:\/\/yoast.com\/product\/yoast-seo-wordpress\/ -->\n<title>Mega da Virada ou Mega do Atraso? - Teses e Ant\u00edteses<\/title>\n<meta name=\"robots\" content=\"index, follow, max-snippet:-1, max-image-preview:large, max-video-preview:-1\" \/>\n<link rel=\"canonical\" href=\"https:\/\/teseseantiteses.com.br\/site\/mega-da-virada-ou-mega-do-atraso\/\" \/>\n<meta property=\"og:locale\" content=\"pt_BR\" \/>\n<meta property=\"og:type\" content=\"article\" \/>\n<meta property=\"og:title\" content=\"Mega da Virada ou Mega do Atraso? - Teses e Ant\u00edteses\" \/>\n<meta property=\"og:description\" content=\"A Caixa Econ\u00f4mica Federal anunciou, ontem, por volta das 23h25min, o adiamento do sorteio da Mega da Virada. O an\u00fancio, feito uma hora e vinte e cinco minutos ap\u00f3s o hor\u00e1rio marcado para a extra\u00e7\u00e3o de final de ano &gt;&nbsp;https:\/\/www.instagram.com\/p\/DS84RCAkfIv\/&gt;, surpreendeu a todos, visto que o motivo do adiamento teria sido \u201co enorme sucesso de [&hellip;]\" \/>\n<meta property=\"og:url\" content=\"https:\/\/teseseantiteses.com.br\/site\/mega-da-virada-ou-mega-do-atraso\/\" \/>\n<meta property=\"og:site_name\" content=\"Teses e Ant\u00edteses\" \/>\n<meta property=\"article:published_time\" content=\"2026-01-01T23:13:00+00:00\" \/>\n<meta property=\"article:modified_time\" content=\"2026-01-29T06:30:05+00:00\" \/>\n<meta name=\"author\" content=\"Costa Assun\u00e7\u00e3o, escritor e advogado.\" \/>\n<meta name=\"twitter:card\" content=\"summary_large_image\" \/>\n<meta name=\"twitter:label1\" content=\"Escrito por\" \/>\n\t<meta name=\"twitter:data1\" content=\"Costa Assun\u00e7\u00e3o, escritor e advogado.\" \/>\n\t<meta name=\"twitter:label2\" content=\"Est. tempo de leitura\" \/>\n\t<meta name=\"twitter:data2\" content=\"3 minutos\" \/>\n<script type=\"application\/ld+json\" class=\"yoast-schema-graph\">{\"@context\":\"https:\/\/schema.org\",\"@graph\":[{\"@type\":\"Article\",\"@id\":\"https:\/\/teseseantiteses.com.br\/site\/mega-da-virada-ou-mega-do-atraso\/#article\",\"isPartOf\":{\"@id\":\"https:\/\/teseseantiteses.com.br\/site\/mega-da-virada-ou-mega-do-atraso\/\"},\"author\":{\"name\":\"Costa Assun\u00e7\u00e3o, escritor e advogado.\",\"@id\":\"https:\/\/teseseantiteses.com.br\/site\/#\/schema\/person\/144666082314d9f799a0b9048036a2af\"},\"headline\":\"Mega da Virada ou Mega do Atraso?\",\"datePublished\":\"2026-01-01T23:13:00+00:00\",\"dateModified\":\"2026-01-29T06:30:05+00:00\",\"mainEntityOfPage\":{\"@id\":\"https:\/\/teseseantiteses.com.br\/site\/mega-da-virada-ou-mega-do-atraso\/\"},\"wordCount\":541,\"commentCount\":0,\"publisher\":{\"@id\":\"https:\/\/teseseantiteses.com.br\/site\/#organization\"},\"articleSection\":[\"Loterias\"],\"inLanguage\":\"pt-BR\",\"potentialAction\":[{\"@type\":\"CommentAction\",\"name\":\"Comment\",\"target\":[\"https:\/\/teseseantiteses.com.br\/site\/mega-da-virada-ou-mega-do-atraso\/#respond\"]}]},{\"@type\":\"WebPage\",\"@id\":\"https:\/\/teseseantiteses.com.br\/site\/mega-da-virada-ou-mega-do-atraso\/\",\"url\":\"https:\/\/teseseantiteses.com.br\/site\/mega-da-virada-ou-mega-do-atraso\/\",\"name\":\"Mega da Virada ou Mega do Atraso? - Teses e Ant\u00edteses\",\"isPartOf\":{\"@id\":\"https:\/\/teseseantiteses.com.br\/site\/#website\"},\"datePublished\":\"2026-01-01T23:13:00+00:00\",\"dateModified\":\"2026-01-29T06:30:05+00:00\",\"breadcrumb\":{\"@id\":\"https:\/\/teseseantiteses.com.br\/site\/mega-da-virada-ou-mega-do-atraso\/#breadcrumb\"},\"inLanguage\":\"pt-BR\",\"potentialAction\":[{\"@type\":\"ReadAction\",\"target\":[\"https:\/\/teseseantiteses.com.br\/site\/mega-da-virada-ou-mega-do-atraso\/\"]}]},{\"@type\":\"BreadcrumbList\",\"@id\":\"https:\/\/teseseantiteses.com.br\/site\/mega-da-virada-ou-mega-do-atraso\/#breadcrumb\",\"itemListElement\":[{\"@type\":\"ListItem\",\"position\":1,\"name\":\"In\u00edcio\",\"item\":\"https:\/\/teseseantiteses.com.br\/site\/\"},{\"@type\":\"ListItem\",\"position\":2,\"name\":\"Mega da Virada ou Mega do Atraso?\"}]},{\"@type\":\"WebSite\",\"@id\":\"https:\/\/teseseantiteses.com.br\/site\/#website\",\"url\":\"https:\/\/teseseantiteses.com.br\/site\/\",\"name\":\"Teses e Ant\u00edteses\",\"description\":\"&quot;Teses e Ant\u00edteses&quot; se prop\u00f5e a trazer para a Internet uma p\u00e1gina que, basicamente, contenha uma coluna do seu autor, Costa Assun\u00e7\u00e3o, abordando temas de Filosofia, Literatura, Teoria Pol\u00edtica, Hist\u00f3ria, Educa\u00e7\u00e3o e Direito.\",\"publisher\":{\"@id\":\"https:\/\/teseseantiteses.com.br\/site\/#organization\"},\"potentialAction\":[{\"@type\":\"SearchAction\",\"target\":{\"@type\":\"EntryPoint\",\"urlTemplate\":\"https:\/\/teseseantiteses.com.br\/site\/?s={search_term_string}\"},\"query-input\":{\"@type\":\"PropertyValueSpecification\",\"valueRequired\":true,\"valueName\":\"search_term_string\"}}],\"inLanguage\":\"pt-BR\"},{\"@type\":\"Organization\",\"@id\":\"https:\/\/teseseantiteses.com.br\/site\/#organization\",\"name\":\"Teses e Ant\u00edteses\",\"url\":\"https:\/\/teseseantiteses.com.br\/site\/\",\"logo\":{\"@type\":\"ImageObject\",\"inLanguage\":\"pt-BR\",\"@id\":\"https:\/\/teseseantiteses.com.br\/site\/#\/schema\/logo\/image\/\",\"url\":\"https:\/\/teseseantiteses.com.br\/site\/wp-content\/uploads\/2026\/01\/cropped-cropped-blog-escritor.webp\",\"contentUrl\":\"https:\/\/teseseantiteses.com.br\/site\/wp-content\/uploads\/2026\/01\/cropped-cropped-blog-escritor.webp\",\"width\":512,\"height\":499,\"caption\":\"Teses e Ant\u00edteses\"},\"image\":{\"@id\":\"https:\/\/teseseantiteses.com.br\/site\/#\/schema\/logo\/image\/\"}},{\"@type\":\"Person\",\"@id\":\"https:\/\/teseseantiteses.com.br\/site\/#\/schema\/person\/144666082314d9f799a0b9048036a2af\",\"name\":\"Costa Assun\u00e7\u00e3o, escritor e advogado.\",\"image\":{\"@type\":\"ImageObject\",\"inLanguage\":\"pt-BR\",\"@id\":\"https:\/\/teseseantiteses.com.br\/site\/#\/schema\/person\/image\/\",\"url\":\"https:\/\/secure.gravatar.com\/avatar\/2998476076e0dd604cb27cc219e8d01e67abf05f150e161de72abd9bd569f93e?s=96&d=mm&r=g\",\"contentUrl\":\"https:\/\/secure.gravatar.com\/avatar\/2998476076e0dd604cb27cc219e8d01e67abf05f150e161de72abd9bd569f93e?s=96&d=mm&r=g\",\"caption\":\"Costa Assun\u00e7\u00e3o, escritor e advogado.\"},\"sameAs\":[\"https:\/\/www.teseseantiteses.com.br\"],\"url\":\"https:\/\/teseseantiteses.com.br\/site\/author\/costaassuncao\/\"}]}<\/script>\n<!-- \/ Yoast SEO plugin. -->","yoast_head_json":{"title":"Mega da Virada ou Mega do Atraso? - Teses e Ant\u00edteses","robots":{"index":"index","follow":"follow","max-snippet":"max-snippet:-1","max-image-preview":"max-image-preview:large","max-video-preview":"max-video-preview:-1"},"canonical":"https:\/\/teseseantiteses.com.br\/site\/mega-da-virada-ou-mega-do-atraso\/","og_locale":"pt_BR","og_type":"article","og_title":"Mega da Virada ou Mega do Atraso? - Teses e Ant\u00edteses","og_description":"A Caixa Econ\u00f4mica Federal anunciou, ontem, por volta das 23h25min, o adiamento do sorteio da Mega da Virada. O an\u00fancio, feito uma hora e vinte e cinco minutos ap\u00f3s o hor\u00e1rio marcado para a extra\u00e7\u00e3o de final de ano &gt;&nbsp;https:\/\/www.instagram.com\/p\/DS84RCAkfIv\/&gt;, surpreendeu a todos, visto que o motivo do adiamento teria sido \u201co enorme sucesso de [&hellip;]","og_url":"https:\/\/teseseantiteses.com.br\/site\/mega-da-virada-ou-mega-do-atraso\/","og_site_name":"Teses e Ant\u00edteses","article_published_time":"2026-01-01T23:13:00+00:00","article_modified_time":"2026-01-29T06:30:05+00:00","author":"Costa Assun\u00e7\u00e3o, escritor e advogado.","twitter_card":"summary_large_image","twitter_misc":{"Escrito por":"Costa Assun\u00e7\u00e3o, escritor e advogado.","Est. tempo de leitura":"3 minutos"},"schema":{"@context":"https:\/\/schema.org","@graph":[{"@type":"Article","@id":"https:\/\/teseseantiteses.com.br\/site\/mega-da-virada-ou-mega-do-atraso\/#article","isPartOf":{"@id":"https:\/\/teseseantiteses.com.br\/site\/mega-da-virada-ou-mega-do-atraso\/"},"author":{"name":"Costa Assun\u00e7\u00e3o, escritor e advogado.","@id":"https:\/\/teseseantiteses.com.br\/site\/#\/schema\/person\/144666082314d9f799a0b9048036a2af"},"headline":"Mega da Virada ou Mega do Atraso?","datePublished":"2026-01-01T23:13:00+00:00","dateModified":"2026-01-29T06:30:05+00:00","mainEntityOfPage":{"@id":"https:\/\/teseseantiteses.com.br\/site\/mega-da-virada-ou-mega-do-atraso\/"},"wordCount":541,"commentCount":0,"publisher":{"@id":"https:\/\/teseseantiteses.com.br\/site\/#organization"},"articleSection":["Loterias"],"inLanguage":"pt-BR","potentialAction":[{"@type":"CommentAction","name":"Comment","target":["https:\/\/teseseantiteses.com.br\/site\/mega-da-virada-ou-mega-do-atraso\/#respond"]}]},{"@type":"WebPage","@id":"https:\/\/teseseantiteses.com.br\/site\/mega-da-virada-ou-mega-do-atraso\/","url":"https:\/\/teseseantiteses.com.br\/site\/mega-da-virada-ou-mega-do-atraso\/","name":"Mega da Virada ou Mega do Atraso? - Teses e Ant\u00edteses","isPartOf":{"@id":"https:\/\/teseseantiteses.com.br\/site\/#website"},"datePublished":"2026-01-01T23:13:00+00:00","dateModified":"2026-01-29T06:30:05+00:00","breadcrumb":{"@id":"https:\/\/teseseantiteses.com.br\/site\/mega-da-virada-ou-mega-do-atraso\/#breadcrumb"},"inLanguage":"pt-BR","potentialAction":[{"@type":"ReadAction","target":["https:\/\/teseseantiteses.com.br\/site\/mega-da-virada-ou-mega-do-atraso\/"]}]},{"@type":"BreadcrumbList","@id":"https:\/\/teseseantiteses.com.br\/site\/mega-da-virada-ou-mega-do-atraso\/#breadcrumb","itemListElement":[{"@type":"ListItem","position":1,"name":"In\u00edcio","item":"https:\/\/teseseantiteses.com.br\/site\/"},{"@type":"ListItem","position":2,"name":"Mega da Virada ou Mega do Atraso?"}]},{"@type":"WebSite","@id":"https:\/\/teseseantiteses.com.br\/site\/#website","url":"https:\/\/teseseantiteses.com.br\/site\/","name":"Teses e Ant\u00edteses","description":"&quot;Teses e Ant\u00edteses&quot; se prop\u00f5e a trazer para a Internet uma p\u00e1gina que, basicamente, contenha uma coluna do seu autor, Costa Assun\u00e7\u00e3o, abordando temas de Filosofia, Literatura, Teoria Pol\u00edtica, Hist\u00f3ria, Educa\u00e7\u00e3o e Direito.","publisher":{"@id":"https:\/\/teseseantiteses.com.br\/site\/#organization"},"potentialAction":[{"@type":"SearchAction","target":{"@type":"EntryPoint","urlTemplate":"https:\/\/teseseantiteses.com.br\/site\/?s={search_term_string}"},"query-input":{"@type":"PropertyValueSpecification","valueRequired":true,"valueName":"search_term_string"}}],"inLanguage":"pt-BR"},{"@type":"Organization","@id":"https:\/\/teseseantiteses.com.br\/site\/#organization","name":"Teses e Ant\u00edteses","url":"https:\/\/teseseantiteses.com.br\/site\/","logo":{"@type":"ImageObject","inLanguage":"pt-BR","@id":"https:\/\/teseseantiteses.com.br\/site\/#\/schema\/logo\/image\/","url":"https:\/\/teseseantiteses.com.br\/site\/wp-content\/uploads\/2026\/01\/cropped-cropped-blog-escritor.webp","contentUrl":"https:\/\/teseseantiteses.com.br\/site\/wp-content\/uploads\/2026\/01\/cropped-cropped-blog-escritor.webp","width":512,"height":499,"caption":"Teses e Ant\u00edteses"},"image":{"@id":"https:\/\/teseseantiteses.com.br\/site\/#\/schema\/logo\/image\/"}},{"@type":"Person","@id":"https:\/\/teseseantiteses.com.br\/site\/#\/schema\/person\/144666082314d9f799a0b9048036a2af","name":"Costa Assun\u00e7\u00e3o, escritor e advogado.","image":{"@type":"ImageObject","inLanguage":"pt-BR","@id":"https:\/\/teseseantiteses.com.br\/site\/#\/schema\/person\/image\/","url":"https:\/\/secure.gravatar.com\/avatar\/2998476076e0dd604cb27cc219e8d01e67abf05f150e161de72abd9bd569f93e?s=96&d=mm&r=g","contentUrl":"https:\/\/secure.gravatar.com\/avatar\/2998476076e0dd604cb27cc219e8d01e67abf05f150e161de72abd9bd569f93e?s=96&d=mm&r=g","caption":"Costa Assun\u00e7\u00e3o, escritor e advogado."},"sameAs":["https:\/\/www.teseseantiteses.com.br"],"url":"https:\/\/teseseantiteses.com.br\/site\/author\/costaassuncao\/"}]}},"_links":{"self":[{"href":"https:\/\/teseseantiteses.com.br\/site\/wp-json\/wp\/v2\/posts\/51","targetHints":{"allow":["GET"]}}],"collection":[{"href":"https:\/\/teseseantiteses.com.br\/site\/wp-json\/wp\/v2\/posts"}],"about":[{"href":"https:\/\/teseseantiteses.com.br\/site\/wp-json\/wp\/v2\/types\/post"}],"author":[{"embeddable":true,"href":"https:\/\/teseseantiteses.com.br\/site\/wp-json\/wp\/v2\/users\/2"}],"replies":[{"embeddable":true,"href":"https:\/\/teseseantiteses.com.br\/site\/wp-json\/wp\/v2\/comments?post=51"}],"version-history":[{"count":1,"href":"https:\/\/teseseantiteses.com.br\/site\/wp-json\/wp\/v2\/posts\/51\/revisions"}],"predecessor-version":[{"id":52,"href":"https:\/\/teseseantiteses.com.br\/site\/wp-json\/wp\/v2\/posts\/51\/revisions\/52"}],"wp:attachment":[{"href":"https:\/\/teseseantiteses.com.br\/site\/wp-json\/wp\/v2\/media?parent=51"}],"wp:term":[{"taxonomy":"category","embeddable":true,"href":"https:\/\/teseseantiteses.com.br\/site\/wp-json\/wp\/v2\/categories?post=51"},{"taxonomy":"post_tag","embeddable":true,"href":"https:\/\/teseseantiteses.com.br\/site\/wp-json\/wp\/v2\/tags?post=51"}],"curies":[{"name":"wp","href":"https:\/\/api.w.org\/{rel}","templated":true}]}}