{"id":313,"date":"2026-04-23T03:21:57","date_gmt":"2026-04-23T06:21:57","guid":{"rendered":"https:\/\/teseseantiteses.com.br\/site\/?p=313"},"modified":"2026-04-24T23:13:38","modified_gmt":"2026-04-25T02:13:38","slug":"brasil-inseguranca-juridica","status":"publish","type":"post","link":"https:\/\/teseseantiteses.com.br\/site\/brasil-inseguranca-juridica\/","title":{"rendered":"Brasil: inseguran\u00e7a jur\u00eddica"},"content":{"rendered":"\n<p><\/p>\n\n\n\n<p><\/p>\n\n\n\n<blockquote class=\"wp-block-quote has-text-align-right is-layout-flow wp-block-quote-is-layout-flow\">\n<p><\/p>\n<\/blockquote>\n\n\n\n<div class=\"wp-block-group is-nowrap is-layout-flex wp-container-core-group-is-layout-6c531013 wp-block-group-is-layout-flex\">\n<p><\/p>\n\n\n\n<p><em>&#8220;Quando voc\u00ea se encontra em um naufr\u00e1gio, seus pensamentos ser\u00e3o sobre naufr\u00e1gios&#8221; &#8211; George Orwell, in &#8220;Os escritores do Leviat\u00e3&#8221; .<\/em><\/p>\n\n\n\n<p><\/p>\n<\/div>\n\n\n\n<p class=\"has-small-font-size\"><\/p>\n\n\n\n<p><\/p>\n\n\n\n<p><\/p>\n\n\n\n<p><\/p>\n\n\n\n<p><\/p>\n\n\n\n<p>No momento em que acabamos de festejar o 21 de abril, feriado nacional em homenagem a Joaquim Jos\u00e9 da Silva Xavier (1746-1792), mais conhecido pela alcunha de <strong>Tiradentes<\/strong>, grande vulto da nossa hist\u00f3ria aclamado como <strong>patrono c\u00edvico da Na\u00e7\u00e3o Brasileira<\/strong> pela <strong>Lei n\u00ba 4.897<\/strong>, de 1965, por sua firme, brava, fervorosa e inigual\u00e1vel atua\u00e7\u00e3o no movimento da Inconfid\u00eancia Mineira, e <strong>o mais aut\u00eantico propagador do ideal de romper com o dom\u00ednio de Portugal<\/strong> <strong>sobre o Brasil-Col\u00f4nia<\/strong>, precisamos compreender como anda <strong>o Brasil de hoje<\/strong>, com foco nos tr\u00eas poderes da Rep\u00fablica, o papel deles, principalmente os pap\u00e9is do Legislativo e do Judici\u00e1rio, ou seja, daquele que faz a lei e fiscaliza o Executivo e o Judici\u00e1rio, e daquele que aplica e interpreta a lei e julga conflitos, <strong>institui\u00e7\u00f5es de Estado em crise constante<\/strong>, desacreditadas pelo povo, tal o inconformismo, as desconfian\u00e7as, incertezas e desesperan\u00e7as do cidad\u00e3o comum.<\/p>\n\n\n\n<p><\/p>\n\n\n\n<p><strong>1.     DESCR\u00c9DITO DE PODERES DA REP\u00daBLICA E DO STF<\/strong><\/p>\n\n\n\n<p>Grave situa\u00e7\u00e3o atravessa o pa\u00eds, e grande \u00e9 o descr\u00e9dito nas institui\u00e7\u00f5es pol\u00edticas e no Supremo Tribunal Federal, \u00f3rg\u00e3o m\u00e1ximo do Judici\u00e1rio, que vem alimentando o notici\u00e1rio da imprensa nacional por manter ali ministros de reprov\u00e1vel atua\u00e7\u00e3o, bastando examinar, por exemplo, o envolvimento de ministros com o esc\u00e2ndalo do Banco Master.<\/p>\n\n\n\n<p><\/p>\n\n\n\n<p>Assim, n\u00e3o podemos minimizar acusa\u00e7\u00f5es grav\u00edssimas contra o Presidente do Senado, Davi Alcolumbre, e determinados ministros do STF e o Procurador-Geral da Rep\u00fablica, verbalizadas, na tribuna do Senado Federal, por parlamentares de firme e insuspeit\u00e1vel atua\u00e7\u00e3o. <\/p>\n\n\n\n<p><\/p>\n\n\n\n<p>O tema dominante no notici\u00e1rio da imprensa especializada, pr\u00f3prio do jornalismo \u00e9tico e investigativo, tem sido as rela\u00e7\u00f5es esp\u00farias de ministros do STF com o Banco Master, mostrando a gravidade do relacionamento de ministros da c\u00fapula do Judici\u00e1rio envolvidos com um Banco falido, cerca de R$ 52 bilh\u00f5es advindos de t\u00edtulos de cr\u00e9dito sem lastro, um Banco cujo propriet\u00e1rio foi preso pela Pol\u00edcia Federal na <strong>Opera\u00e7\u00e3o Compliance Zero<\/strong> ap\u00f3s comprova\u00e7\u00e3o de fraudes bilion\u00e1rias. <\/p>\n\n\n\n<p><\/p>\n\n\n\n<p>Assim, a imprensa terminou mostrando que temos <strong>uma grande doen\u00e7a nacional<\/strong> para tratar, cuja origem sem precedentes reside na <strong>viola\u00e7\u00e3o de padr\u00f5es \u00e9ticos e honestidade na administra\u00e7\u00e3o p\u00fablica<\/strong>.<\/p>\n\n\n\n<p><\/p>\n\n\n\n<p><strong>1.2.   PAPEL DA CPI DA CORRUP\u00c7\u00c3O<\/strong><\/p>\n\n\n\n<p>Cumpre destacar, a prop\u00f3sito, a atua\u00e7\u00e3o s\u00e9ria e firme do relator da <strong>CPI do Crime Organizado<\/strong>, senador Alessandro Vieira, que, na forma do art. 6\u00ba-A, da <strong>Lei n\u00ba 1.579<\/strong>, de 18\/03\/1952, com reda\u00e7\u00e3o dada pela <strong>Lei n\u00ba 13.367<\/strong>, de 05\/12\/2016, pediu o indiciamento, em parecer final, de tr\u00eas ministros do Supremo Tribunal Federal (STF) \u2014 Gilmar Mendes, Dias Toffoli e Alexandre de Moraes \u2014 e do procurador-geral da Rep\u00fablica, Paulo Gonet, por crimes de responsabilidade. <\/p>\n\n\n\n<p><\/p>\n\n\n\n<p>O senador, um dos melhores que temos no Congresso Nacional, agiu na forma da lei; n\u00e3o ultrapassou limites legais e demonstrou coer\u00eancia na sua atua\u00e7\u00e3o em prol da <strong>moralidade e legalidade dos atos praticados por agentes pol\u00edticos da nossa Rep\u00fablica<\/strong>. Baseou suas cr\u00edticas, reclamos e acusa\u00e7\u00f5es na visualiza\u00e7\u00e3o de viola\u00e7\u00e3o de princ\u00edpios \u00e9ticos e falta de compromisso com o eleitor por parte do pr\u00f3prio presidente do Senado Federal, e tamb\u00e9m apontou irregularidades e il\u00edcitos de membros do STF.<\/p>\n\n\n\n<p><\/p>\n\n\n\n<p>O parlamentar que se prop\u00f5e a desempenhar um papel de relevo em prol de uma sociedade livre, justa e solid\u00e1ria, precisa ser \u00edntegro e apartid\u00e1rio quando tiver que defender os interesses e causas maiores da sociedade organizada. Ao verberar a conduta de Davi Alcolumbre, presidente do Senado Federal, o senador Alessandro Vieira mostrou, em discurso coerente, seguro e equilibrado, pautado na imunidade parlamentar (art. 53, da CF), que o presidente da Casa Legislativa prestava um <strong><em>\u201cdesservi\u00e7o para o Brasil\u201d<\/em><\/strong> quando negou o pedido de prorroga\u00e7\u00e3o de prazo para continuidade dos trabalhos da CPI do Crime Organizado > <a href=\"https:\/\/www.youtube.com\/watch?v=KUO7bzOtZwc\">https:\/\/www.youtube.com\/watch?v=KUO7bzOtZwc<\/a> >.<\/p>\n\n\n\n<p><\/p>\n\n\n\n<p><strong>1.3.   OMISS\u00c3O DO SENADO FEDERAL<\/strong><\/p>\n\n\n\n<p>Os <strong>v\u00edcios<\/strong> <strong>da atividade pol\u00edtica<\/strong> no Brasil constituem graves entraves ao desenvolvimento social e pol\u00edtico, e a <strong>omiss\u00e3o do Senado Federal<\/strong>, que tem atuado para acobertar il\u00edcitos praticados por ministros do STF ao engavetar <strong>pedidos de impeachment <\/strong>com o argumento falacioso de que a aprova\u00e7\u00e3o de abertura de processos contra membros do STF poderia gerar uma grave crise institucional entre os Poderes, \u00e9 uma ret\u00f3rica gasta de congressistas sem compromisso com o pa\u00eds, visto que, em primeiro lugar, \u00e9 preciso salientar o <strong>dever da casa legislativa de investigar o conte\u00fado das acusa\u00e7\u00f5es <\/strong>e, somente ap\u00f3s apura\u00e7\u00e3o dos fatos e exame das provas, poderia o Senado Federal concluir ou n\u00e3o pelo arquivamento de processos contra autoridades do \u00f3rg\u00e3o m\u00e1ximo do Judici\u00e1rio.<\/p>\n\n\n\n<p><\/p>\n\n\n\n<p><strong>2.     SUPREMO TRIBUNAL FEDERAL &#8211; ILEGALIDADES<\/strong><\/p>\n\n\n\n<p><\/p>\n\n\n\n<p>O <strong>STF<\/strong>, muitas vezes, tem sido apontado como <strong>tribunal de exce\u00e7\u00e3o<\/strong>, ao tomar decis\u00f5es que n\u00e3o primam pela boa aplica\u00e7\u00e3o da lei. Se enganam aqueles que ainda acreditam estar esse \u00f3rg\u00e3o de c\u00fapula do Judici\u00e1rio brasileiro executando a contento o papel de guardi\u00e3o da Constitui\u00e7\u00e3o! Pois tem sido vis\u00edvel na atua\u00e7\u00e3o da maioria dos seus membros a tomada de decis\u00f5es que, sistematicamente, desmentem a correta aplica\u00e7\u00e3o do art. 5\u00ba da Constitui\u00e7\u00e3o, incisos VIII, IX, XVI e XLVI, al\u00e9m da <strong>exacerbada interpreta\u00e7\u00e3o de dispositivos contidos no C\u00f3digo Penal<\/strong>.<\/p>\n\n\n\n<p><\/p>\n\n\n\n<p>Ficou patente a exacerba\u00e7\u00e3o na aplica\u00e7\u00e3o da lei ao caso concreto por <strong>ministros do STF<\/strong> que julgaram os atos do 8 de janeiro; n\u00e3o atentaram para a devida aplica\u00e7\u00e3o dos <strong>princ\u00edpios da razoabilidade e proporcionalidade<\/strong>; praticaram <strong>desenfreado e abomin\u00e1vel ativismo judicial<\/strong> na condena\u00e7\u00e3o de ativistas pol\u00edticos por <strong>condutas que n\u00e3o tiveram a gravidade apontada<\/strong> <strong>pela Corte<\/strong>, caso, por exemplo, da <strong>condena\u00e7\u00e3o de D\u00e9bora Rodrigues dos Santos<\/strong> a 14 anos de pris\u00e3o, por haver pichado a est\u00e1tua da Justi\u00e7a, decis\u00e3o da maioria da 1\u00aa Turma do STF, em grande desacordo com <strong>o voto vencido do ministro Luiz Fux<\/strong>, que aplicou a pena de 1 ano e 6 meses de pris\u00e3o somente pelo crime de deteriora\u00e7\u00e3o do patrim\u00f4nio tombado e absolveu a cabeleireira de crimes graves contra a democracia.<\/p>\n\n\n\n<p><\/p>\n\n\n\n<p>Lastimavelmente, verifica-se que <strong>o \u00f3rg\u00e3o de c\u00fapula do Judici\u00e1rio<\/strong> em nosso pa\u00eds, em nome de uma suposta democracia ou, impulsionado pelo desejo de fazer uma nova leitura da lei como guardi\u00e3o da Constitui\u00e7\u00e3o, termina <strong>desatendendo o ordenamento jur\u00eddico e fere cl\u00e1usulas p\u00e9treas da pr\u00f3pria Constitui\u00e7\u00e3o Federal<\/strong> ao violar o art. 5\u00ba, LIII e LIV ( <strong>devido processo legal<\/strong> ), em que pese o disposto na S\u00famula 704 do STF. V\u00e1rios procedimentos e processos abertos, com invoca\u00e7\u00e3o da S\u00famula 704 do STF, <strong>n\u00e3o se sustentam<\/strong> \u00e0 luz da legalidade pura, esp\u00edrito do mandamento constitucional e <strong>lealdade que magistrados s\u00e9rios deveriam observar diante da fragilidade do jurisdicionado<\/strong>.<\/p>\n\n\n\n<p><\/p>\n\n\n\n<p><strong>3.     INSEGURAN\u00c7A JUR\u00cdDICA NO BRASIL<\/strong><\/p>\n\n\n\n<p><\/p>\n\n\n\n<p>A <strong>inseguran\u00e7a jur\u00eddica<\/strong> no Brasil, instalada ap\u00f3s a anula\u00e7\u00e3o oficial de todas as condena\u00e7\u00f5es impostas ao ent\u00e3o ex-presidente Lula da Silva nos processos da Lava Jato, \u00e9 um cap\u00edtulo da <strong>crise do Judici\u00e1rio<\/strong>, um Poder que desagrada e decepciona pela <strong>falta de \u00e9tica<\/strong> <strong>de parcela dos seus membros<\/strong>, de algum modo presente nos tribunais superiores, falta de \u00e9tica e <strong>at\u00e9 de compostura judicante<\/strong>, que age como o grande vil\u00e3o a impedir que o cidad\u00e3o comum possa acreditar na Justi\u00e7a do pa\u00eds. <\/p>\n\n\n\n<p><\/p>\n\n\n\n<p>Alastrou-se e se agravou assustadoramente <strong>a crise do Judici\u00e1rio<\/strong>, sobretudo no per\u00edodo em que o aparelho judici\u00e1rio anulou decis\u00f5es de impacto nacional que <strong>beneficiaram figur\u00f5es da pol\u00edtica ligados a organiza\u00e7\u00f5es criminosas e condenados por atos de corrup\u00e7\u00e3o<\/strong>, dentre eles o <strong>ex-governador S\u00e9rgio Cabral<\/strong>, condenado a mais de 400 anos de pris\u00e3o por corrup\u00e7\u00e3o passiva, lavagem de dinheiro, organiza\u00e7\u00e3o criminosa e evas\u00e3o de divisas. Este, ap\u00f3s ficar preso de 2016 a 2022, <strong>obteve a almejada liberdade por decis\u00e3o do STF <\/strong>e, nesse momento, cumpre medidas cautelares vivendo em liberdade com monitora\u00e7\u00e3o eletr\u00f4nica.<\/p>\n\n\n\n<p><\/p>\n\n\n\n<p><strong>Mais de<\/strong>&nbsp;<strong>60 (sessenta) r\u00e9us<\/strong>&nbsp;j\u00e1 conseguiram reverter sua situa\u00e7\u00e3o jur\u00eddica devido a anula\u00e7\u00f5es de provas ou v\u00edcios processuais apontados pelas cortes superiores, nos processos da Lava Jato. A maioria deles foi beneficiada por decis\u00f5es do STF. Dentre os beneficiados por decis\u00f5es de tribunais superiores e, mais recentemente, por decis\u00f5es do STF, est\u00e3o, al\u00e9m do ex-presidente Lula, pol\u00edticos e pessoas conhecidas nacionalmente.<\/p>\n\n\n\n<p><\/p>\n\n\n\n<p>Lembremos apenas de algumas delas: <strong>Beto Richa (ex-governador do PR)<\/strong>, em 2023, por voto do ministro Dias Toffoli, que declarou a &#8220;nulidade absoluta&#8221; de todos os atos praticados contra ele na Lava Jato, alegando parcialidade e v\u00edcios processuais dos investigadores; <strong>Eduardo Cunha (ex-presidente da C\u00e2mara Federal)<\/strong>, em condena\u00e7\u00f5es anuladas pela Segunda Turma do STF, que determinou o envio dos processos para a Justi\u00e7a Eleitoral por considerar que os crimes investigados tinham rela\u00e7\u00e3o com financiamento de campanha.<\/p>\n\n\n\n<p><\/p>\n\n\n\n<p><strong>Jos\u00e9 Dirceu<\/strong>, que foi bra\u00e7o direito do ex-presidente Lula, teve todas as suas condena\u00e7\u00f5es na Lava Jato anuladas pelo ministro Gilmar Mendes, que estendeu ao antigo homem de confian\u00e7a do ex-presidente Lula a decis\u00e3o sobre a suspei\u00e7\u00e3o de S\u00e9rgio Moro; <strong>Marcelo Odebrecht<\/strong>, o STF anulou todas as decis\u00f5es proferidas contra o empres\u00e1rio no \u00e2mbito da opera\u00e7\u00e3o por entender que houve conluio entre os magistrados e os procuradores de Curitiba; e <strong>Luiz Fernando Pez\u00e3o (ex-governador do RJ)<\/strong>, este foi absolvido e teve condena\u00e7\u00f5es revistas em decis\u00f5es que acompanharam o entendimento de erros processuais cometidos durante as investiga\u00e7\u00f5es<strong>.<\/strong><\/p>\n\n\n\n<p><\/p>\n\n\n\n<p>O Plen\u00e1rio do Supremo Tribunal Federal, em sess\u00e3o de 15 de abril de 2021, julgou recurso apresentado pela Procuradoria-Geral da Rep\u00fablica que visava manter as condena\u00e7\u00f5es impostas na Lava Jato contra o ent\u00e3o ex-presidente Lula; mas a maioria, por 8 a 3, votou por manter o ex-presidente fora da pris\u00e3o, e assim transformou o ex-presidente considerado &#8220;ficha suja&#8221;, condenado por corrup\u00e7\u00e3o passiva, em \u201cficha limpa\u201d, o que garantiu sua volta \u00e0 vida p\u00fablica, mesmo sem ter sido absolvido nos processos anulados!<\/p>\n\n\n\n<p><\/p>\n\n\n\n<p>Ineg\u00e1vel que a <strong>conduta \u00e9tica dos nossos homens p\u00fablicos<\/strong>, geralmente questionada em nosso pa\u00eds, a n\u00edvel dos tr\u00eas poderes, n\u00e3o podia deixar de ser discutida, ou debatida, quando houve a indica\u00e7\u00e3o e aprova\u00e7\u00e3o do nome do ex-advogado do ent\u00e3o ex-presidente Lula para assumir uma cadeira no STF, visto que a indica\u00e7\u00e3o do nome do advogado, inclusive a aceita\u00e7\u00e3o e aprova\u00e7\u00e3o do nome, n\u00e3o poderia passar despercebida nos c\u00edrculos de poder e seguramente atra\u00eda inevit\u00e1vel abordagem sobre a <strong>devida aplica\u00e7\u00e3o do princ\u00edpio da moralidade administrativa <\/strong>contido no art. 37 da nossa Constitui\u00e7\u00e3o. A <strong>aprova\u00e7\u00e3o do nome do caus\u00eddico era inconceb\u00edvel aos olhos da \u00e9tica<\/strong>, por\u00e9m foi exatamente o que ocorreu.<\/p>\n\n\n\n<p><\/p>\n\n\n\n<p>Discutir a administra\u00e7\u00e3o de \u00f3rg\u00e3os p\u00fablicos no Brasil, sob a \u00f3tica do princ\u00edpio da moralidade administrativa, \u00e9 tarefa que pede muita coer\u00eancia e conhecimento jur\u00eddico. <strong>O tema<\/strong>, que transcende a mera aplica\u00e7\u00e3o da lei e pertence \u00e0 <strong>Filosofia do Direito<\/strong>, constitui mat\u00e9ria que n\u00e3o \u00e9 de f\u00e1cil dom\u00ednio, mesmo para alguns ministros do STF. \u00c9 que o princ\u00edpio da moralidade administrativa \u00e9 um tema t\u00e3o vasto que exige grande conhecimento e aptid\u00e3o para pensar o Direito como ferramenta em benef\u00edcio da sociedade. Quem estuda <strong>Deontologia Jur\u00eddica<\/strong> encontra, na discuss\u00e3o do tema, nuances e aplica\u00e7\u00f5es que ultrapassam a vis\u00e3o acad\u00eamica do Direito.&nbsp;<\/p>\n\n\n\n<p><\/p>\n\n\n\n<p>N\u00e3o \u00e9 suficiente o conhecimento da letra fria da lei quando se trata de moralidade administrativa; a discuss\u00e3o n\u00e3o \u00e9 apenas sobre <strong>\u201co que \u00e9 legal\u201d<\/strong>; \u00e9 sobre <strong>\u201co que \u00e9 \u00edntegro\u201d<\/strong>. Por\u00e9m essa compreens\u00e3o est\u00e1 acima do academicismo e n\u00e3o tem aplica\u00e7\u00e3o pr\u00e1tica no trabalho forense de magistrados que podem ser mestres e doutores em Direito mas revelam falta de coer\u00eancia na vida p\u00fablica e profissional. De nada vale apresentar t\u00edtulo de doutorado em Harvard ou na Alemanha, se o magistrado n\u00e3o possui <strong>\u00e9tica profissional<\/strong>. Ora, salta aos olhos que ministros do STF envolvidos no <strong>rumoroso<\/strong> <strong>caso do Banco Master<\/strong> n\u00e3o revelaram conduta \u00e9tica.<\/p>\n\n\n\n<p><\/p>\n\n\n\n<p>Quem pretende, portanto, fazer uma aprecia\u00e7\u00e3o sobre a principal virtude do magistrado, notadamente se for um magistrado brasileiro, precisa entender que <strong>probidade n\u00e3o \u00e9 adorno; \u00e9 convic\u00e7\u00e3o extrema. <\/strong>S\u00f3 atrav\u00e9s dessa convic\u00e7\u00e3o \u00e9 poss\u00edvel ser \u00edntegro e eficiente no exerc\u00edcio da judicatura. Mas, s\u00f3 um magistrado \u00edntegro est\u00e1 capacitado para entender que a <strong>moralidade administrativa n\u00e3o \u00e9 a moral comum<\/strong> (religiosa ou pessoal), mas uma&nbsp;<strong>moral jur\u00eddica<\/strong>&nbsp;baseada na ideia de &#8220;boa administra\u00e7\u00e3o&#8221; e lealdade \u00e0s institui\u00e7\u00f5es. <\/p>\n\n\n\n<p><\/p>\n\n\n\n<p><strong>O magistrado que rasga a \u00e9tica profissional em nome de motiva\u00e7\u00f5es pessoais; o magistrado que acende a fogueira da disc\u00f3rdia entre os poderes da Rep\u00fablica e n\u00e3o respeita os contr\u00e1rios e o Poder Legislativo do seu pa\u00eds, \u00e9 um falso magistrado.<\/strong><\/p>\n\n\n\n<p><\/p>\n\n\n\n<p>Torna-se absolutamente necess\u00e1rio que ministros do STF, os quais, na pr\u00e1tica, n\u00e3o prestam contas dos seus atos a um \u00f3rg\u00e3o fiscalizador eficiente e bem dirigido, n\u00f3doas que o Senado Federal acumula h\u00e1 d\u00e9cadas, sejam submetidos a um <strong>C\u00f3digo de \u00c9tica<\/strong>, ou C\u00f3digo de Conduta, que possa responsabiliz\u00e1-los criminalmente por atos abusivos e manifestamente ilegais. Magistrados n\u00e3o podem supor estarem acima do bem e do mal, ou se imaginarem serem mais importantes do que <strong>o galo Chantecler<\/strong>, personagem central da pe\u00e7a de Edmond Rostand (1868-1918).<\/p>\n\n\n\n<p><\/p>\n\n\n\n<p>A <strong>CPI do Crime Organizado<\/strong>, lamentavelmente abortada por manobra pol\u00edtica, tinha base legal. E quem desejar compreender o honroso papel conferido a uma <strong>Comiss\u00e3o Parlamentar de Inqu\u00e9rito<\/strong>, consulte a <strong>Lei n\u00ba 1.579<\/strong>, de 18\/03\/1952, com reda\u00e7\u00e3o acrescida do art. 6\u00ba-A, dada pela <strong>Lei n\u00ba 13.367<\/strong>, de 5\/12\/2016. Ver\u00e1, no caso da CPI do Crime Organizado, que seus membros, aqueles devidamente comprometidos com a apura\u00e7\u00e3o da verdade e o escopo a ser atingido, buscavam demonstrar que muita coisa precisa ser feita para transformar o Brasil em um pa\u00eds onde todos estejam unidos em torno de medidas favor\u00e1veis ao progresso social e sintonizadas com a devida aplica\u00e7\u00e3o da lei.<\/p>\n\n\n\n<p><\/p>\n\n\n\n<p>Mas, para atingir esse desiderato, e para <strong>investigar com efici\u00eancia e zelo atos de autoridades e pessoas desonestas<\/strong>, que se organizam para a pr\u00e1tica de crimes, <strong>devemos lutar contra a<\/strong> <strong>inseguran\u00e7a jur\u00eddica<\/strong>, c\u00e2ncer insidioso que trava e obstrui o desenvolvimento das sociedades e chega a obstaculizar o deferimento de uma prorroga\u00e7\u00e3o de prazo prevista no Regimento Interno do Senado Federal!<\/p>\n\n\n\n<p><\/p>\n\n\n\n<p><strong>4.     CONCLUS\u00c3O<\/strong><\/p>\n\n\n\n<p><\/p>\n\n\n\n<p>A\u00ed est\u00e1 <strong>o retrato compactado da inseguran\u00e7a jur\u00eddica que temos no Brasil<\/strong>, como bem demonstrou o senhor relator da CPI do Crime Organizado ao falar de p\u00e9 enfrentando, com maestria, o presidente do Senado Federal. Um pa\u00eds cujas institui\u00e7\u00f5es, governadas por despudorados que p\u00f5em acima de tudo seus interesses particulares deixando de observar princ\u00edpios \u00e9ticos, n\u00e3o pode oferecer dignidade ao seu povo.<\/p>\n\n\n\n<p><\/p>\n","protected":false},"excerpt":{"rendered":"<p>&#8220;Quando voc\u00ea se encontra em um naufr\u00e1gio, seus pensamentos ser\u00e3o sobre naufr\u00e1gios&#8221; &#8211; George Orwell, in &#8220;Os escritores do Leviat\u00e3&#8221; . No momento em que acabamos de festejar o 21 de abril, feriado nacional em homenagem a Joaquim Jos\u00e9 da Silva Xavier (1746-1792), mais conhecido pela alcunha de Tiradentes, grande vulto da nossa hist\u00f3ria aclamado [&hellip;]<\/p>\n","protected":false},"author":2,"featured_media":0,"comment_status":"open","ping_status":"open","sticky":false,"template":"","format":"standard","meta":{"footnotes":""},"categories":[1],"tags":[],"class_list":["post-313","post","type-post","status-publish","format-standard","hentry","category-brasil-politica-justica"],"yoast_head":"<!-- This site is optimized with the Yoast SEO plugin v26.8 - https:\/\/yoast.com\/product\/yoast-seo-wordpress\/ -->\n<title>Brasil: Inseguran\u00e7a Jur\u00eddica e Seus Impactos - Teses e Ant\u00edteses<\/title>\n<meta name=\"description\" content=\"Artigo trata da tem\u00e1tica da inseguran\u00e7a jur\u00eddica com foco em mudan\u00e7as estruturais nas institui\u00e7\u00f5es de Estado no Brasil. Mostra a necessidade de um STF fiscalizado, para que possa oferecer ao pa\u00eds garantias legais na distribui\u00e7\u00e3o de uma justi\u00e7a voltada ao atendimento de causas sociais que contribuam para o desenvolvimento e progresso da Na\u00e7\u00e3o. Conclui ser urgente a aprova\u00e7\u00e3o de um C\u00f3digo de \u00c9tica para avaliar a conduta de ministros do STF, os quais n\u00e3o podem cometer abusos e irregularidades na sua atua\u00e7\u00e3o de promover o imp\u00e9rio da lei e a justi\u00e7a social.\" \/>\n<meta name=\"robots\" content=\"index, follow, max-snippet:-1, max-image-preview:large, max-video-preview:-1\" \/>\n<link rel=\"canonical\" href=\"https:\/\/teseseantiteses.com.br\/site\/brasil-inseguranca-juridica\/\" \/>\n<meta property=\"og:locale\" content=\"pt_BR\" \/>\n<meta property=\"og:type\" content=\"article\" \/>\n<meta property=\"og:title\" content=\"Brasil: Inseguran\u00e7a Jur\u00eddica e Seus Impactos - Teses e Ant\u00edteses\" \/>\n<meta property=\"og:description\" content=\"Artigo trata da tem\u00e1tica da inseguran\u00e7a jur\u00eddica com foco em mudan\u00e7as estruturais nas institui\u00e7\u00f5es de Estado no Brasil. Mostra a necessidade de um STF fiscalizado, para que possa oferecer ao pa\u00eds garantias legais na distribui\u00e7\u00e3o de uma justi\u00e7a voltada ao atendimento de causas sociais que contribuam para o desenvolvimento e progresso da Na\u00e7\u00e3o. Conclui ser urgente a aprova\u00e7\u00e3o de um C\u00f3digo de \u00c9tica para avaliar a conduta de ministros do STF, os quais n\u00e3o podem cometer abusos e irregularidades na sua atua\u00e7\u00e3o de promover o imp\u00e9rio da lei e a justi\u00e7a social.\" \/>\n<meta property=\"og:url\" content=\"https:\/\/teseseantiteses.com.br\/site\/brasil-inseguranca-juridica\/\" \/>\n<meta property=\"og:site_name\" content=\"Teses e Ant\u00edteses\" \/>\n<meta property=\"article:published_time\" content=\"2026-04-23T06:21:57+00:00\" \/>\n<meta property=\"article:modified_time\" content=\"2026-04-25T02:13:38+00:00\" \/>\n<meta name=\"author\" content=\"Costa Assun\u00e7\u00e3o, escritor e advogado.\" \/>\n<meta name=\"twitter:card\" content=\"summary_large_image\" \/>\n<meta name=\"twitter:label1\" content=\"Escrito por\" \/>\n\t<meta name=\"twitter:data1\" content=\"Costa Assun\u00e7\u00e3o, escritor e advogado.\" \/>\n\t<meta name=\"twitter:label2\" content=\"Est. tempo de leitura\" \/>\n\t<meta name=\"twitter:data2\" content=\"13 minutos\" \/>\n<script type=\"application\/ld+json\" class=\"yoast-schema-graph\">{\"@context\":\"https:\/\/schema.org\",\"@graph\":[{\"@type\":\"Article\",\"@id\":\"https:\/\/teseseantiteses.com.br\/site\/brasil-inseguranca-juridica\/#article\",\"isPartOf\":{\"@id\":\"https:\/\/teseseantiteses.com.br\/site\/brasil-inseguranca-juridica\/\"},\"author\":{\"name\":\"Costa Assun\u00e7\u00e3o, escritor e advogado.\",\"@id\":\"https:\/\/teseseantiteses.com.br\/site\/#\/schema\/person\/144666082314d9f799a0b9048036a2af\"},\"headline\":\"Brasil: inseguran\u00e7a jur\u00eddica\",\"datePublished\":\"2026-04-23T06:21:57+00:00\",\"dateModified\":\"2026-04-25T02:13:38+00:00\",\"mainEntityOfPage\":{\"@id\":\"https:\/\/teseseantiteses.com.br\/site\/brasil-inseguranca-juridica\/\"},\"wordCount\":2594,\"commentCount\":0,\"publisher\":{\"@id\":\"https:\/\/teseseantiteses.com.br\/site\/#organization\"},\"articleSection\":[\"Brasil - Pol\u00edtica e Justi\u00e7a\"],\"inLanguage\":\"pt-BR\",\"potentialAction\":[{\"@type\":\"CommentAction\",\"name\":\"Comment\",\"target\":[\"https:\/\/teseseantiteses.com.br\/site\/brasil-inseguranca-juridica\/#respond\"]}]},{\"@type\":\"WebPage\",\"@id\":\"https:\/\/teseseantiteses.com.br\/site\/brasil-inseguranca-juridica\/\",\"url\":\"https:\/\/teseseantiteses.com.br\/site\/brasil-inseguranca-juridica\/\",\"name\":\"Brasil: Inseguran\u00e7a Jur\u00eddica e Seus Impactos - Teses e Ant\u00edteses\",\"isPartOf\":{\"@id\":\"https:\/\/teseseantiteses.com.br\/site\/#website\"},\"datePublished\":\"2026-04-23T06:21:57+00:00\",\"dateModified\":\"2026-04-25T02:13:38+00:00\",\"description\":\"Artigo trata da tem\u00e1tica da inseguran\u00e7a jur\u00eddica com foco em mudan\u00e7as estruturais nas institui\u00e7\u00f5es de Estado no Brasil. Mostra a necessidade de um STF fiscalizado, para que possa oferecer ao pa\u00eds garantias legais na distribui\u00e7\u00e3o de uma justi\u00e7a voltada ao atendimento de causas sociais que contribuam para o desenvolvimento e progresso da Na\u00e7\u00e3o. Conclui ser urgente a aprova\u00e7\u00e3o de um C\u00f3digo de \u00c9tica para avaliar a conduta de ministros do STF, os quais n\u00e3o podem cometer abusos e irregularidades na sua atua\u00e7\u00e3o de promover o imp\u00e9rio da lei e a justi\u00e7a social.\",\"breadcrumb\":{\"@id\":\"https:\/\/teseseantiteses.com.br\/site\/brasil-inseguranca-juridica\/#breadcrumb\"},\"inLanguage\":\"pt-BR\",\"potentialAction\":[{\"@type\":\"ReadAction\",\"target\":[\"https:\/\/teseseantiteses.com.br\/site\/brasil-inseguranca-juridica\/\"]}]},{\"@type\":\"BreadcrumbList\",\"@id\":\"https:\/\/teseseantiteses.com.br\/site\/brasil-inseguranca-juridica\/#breadcrumb\",\"itemListElement\":[{\"@type\":\"ListItem\",\"position\":1,\"name\":\"In\u00edcio\",\"item\":\"https:\/\/teseseantiteses.com.br\/site\/\"},{\"@type\":\"ListItem\",\"position\":2,\"name\":\"Brasil: inseguran\u00e7a jur\u00eddica\"}]},{\"@type\":\"WebSite\",\"@id\":\"https:\/\/teseseantiteses.com.br\/site\/#website\",\"url\":\"https:\/\/teseseantiteses.com.br\/site\/\",\"name\":\"Teses e Ant\u00edteses\",\"description\":\"&quot;Teses e Ant\u00edteses&quot; se prop\u00f5e a trazer para a Internet uma p\u00e1gina que, basicamente, contenha uma coluna do seu autor, Costa Assun\u00e7\u00e3o, abordando temas de Filosofia, Literatura, Teoria Pol\u00edtica, Hist\u00f3ria, Educa\u00e7\u00e3o e Direito.\",\"publisher\":{\"@id\":\"https:\/\/teseseantiteses.com.br\/site\/#organization\"},\"potentialAction\":[{\"@type\":\"SearchAction\",\"target\":{\"@type\":\"EntryPoint\",\"urlTemplate\":\"https:\/\/teseseantiteses.com.br\/site\/?s={search_term_string}\"},\"query-input\":{\"@type\":\"PropertyValueSpecification\",\"valueRequired\":true,\"valueName\":\"search_term_string\"}}],\"inLanguage\":\"pt-BR\"},{\"@type\":\"Organization\",\"@id\":\"https:\/\/teseseantiteses.com.br\/site\/#organization\",\"name\":\"Teses e Ant\u00edteses\",\"url\":\"https:\/\/teseseantiteses.com.br\/site\/\",\"logo\":{\"@type\":\"ImageObject\",\"inLanguage\":\"pt-BR\",\"@id\":\"https:\/\/teseseantiteses.com.br\/site\/#\/schema\/logo\/image\/\",\"url\":\"https:\/\/teseseantiteses.com.br\/site\/wp-content\/uploads\/2026\/01\/cropped-cropped-blog-escritor.webp\",\"contentUrl\":\"https:\/\/teseseantiteses.com.br\/site\/wp-content\/uploads\/2026\/01\/cropped-cropped-blog-escritor.webp\",\"width\":512,\"height\":499,\"caption\":\"Teses e Ant\u00edteses\"},\"image\":{\"@id\":\"https:\/\/teseseantiteses.com.br\/site\/#\/schema\/logo\/image\/\"}},{\"@type\":\"Person\",\"@id\":\"https:\/\/teseseantiteses.com.br\/site\/#\/schema\/person\/144666082314d9f799a0b9048036a2af\",\"name\":\"Costa Assun\u00e7\u00e3o, escritor e advogado.\",\"image\":{\"@type\":\"ImageObject\",\"inLanguage\":\"pt-BR\",\"@id\":\"https:\/\/teseseantiteses.com.br\/site\/#\/schema\/person\/image\/\",\"url\":\"https:\/\/secure.gravatar.com\/avatar\/2998476076e0dd604cb27cc219e8d01e67abf05f150e161de72abd9bd569f93e?s=96&d=mm&r=g\",\"contentUrl\":\"https:\/\/secure.gravatar.com\/avatar\/2998476076e0dd604cb27cc219e8d01e67abf05f150e161de72abd9bd569f93e?s=96&d=mm&r=g\",\"caption\":\"Costa Assun\u00e7\u00e3o, escritor e advogado.\"},\"sameAs\":[\"https:\/\/www.teseseantiteses.com.br\"],\"url\":\"https:\/\/teseseantiteses.com.br\/site\/author\/costaassuncao\/\"}]}<\/script>\n<!-- \/ Yoast SEO plugin. -->","yoast_head_json":{"title":"Brasil: Inseguran\u00e7a Jur\u00eddica e Seus Impactos - Teses e Ant\u00edteses","description":"Artigo trata da tem\u00e1tica da inseguran\u00e7a jur\u00eddica com foco em mudan\u00e7as estruturais nas institui\u00e7\u00f5es de Estado no Brasil. Mostra a necessidade de um STF fiscalizado, para que possa oferecer ao pa\u00eds garantias legais na distribui\u00e7\u00e3o de uma justi\u00e7a voltada ao atendimento de causas sociais que contribuam para o desenvolvimento e progresso da Na\u00e7\u00e3o. Conclui ser urgente a aprova\u00e7\u00e3o de um C\u00f3digo de \u00c9tica para avaliar a conduta de ministros do STF, os quais n\u00e3o podem cometer abusos e irregularidades na sua atua\u00e7\u00e3o de promover o imp\u00e9rio da lei e a justi\u00e7a social.","robots":{"index":"index","follow":"follow","max-snippet":"max-snippet:-1","max-image-preview":"max-image-preview:large","max-video-preview":"max-video-preview:-1"},"canonical":"https:\/\/teseseantiteses.com.br\/site\/brasil-inseguranca-juridica\/","og_locale":"pt_BR","og_type":"article","og_title":"Brasil: Inseguran\u00e7a Jur\u00eddica e Seus Impactos - Teses e Ant\u00edteses","og_description":"Artigo trata da tem\u00e1tica da inseguran\u00e7a jur\u00eddica com foco em mudan\u00e7as estruturais nas institui\u00e7\u00f5es de Estado no Brasil. Mostra a necessidade de um STF fiscalizado, para que possa oferecer ao pa\u00eds garantias legais na distribui\u00e7\u00e3o de uma justi\u00e7a voltada ao atendimento de causas sociais que contribuam para o desenvolvimento e progresso da Na\u00e7\u00e3o. Conclui ser urgente a aprova\u00e7\u00e3o de um C\u00f3digo de \u00c9tica para avaliar a conduta de ministros do STF, os quais n\u00e3o podem cometer abusos e irregularidades na sua atua\u00e7\u00e3o de promover o imp\u00e9rio da lei e a justi\u00e7a social.","og_url":"https:\/\/teseseantiteses.com.br\/site\/brasil-inseguranca-juridica\/","og_site_name":"Teses e Ant\u00edteses","article_published_time":"2026-04-23T06:21:57+00:00","article_modified_time":"2026-04-25T02:13:38+00:00","author":"Costa Assun\u00e7\u00e3o, escritor e advogado.","twitter_card":"summary_large_image","twitter_misc":{"Escrito por":"Costa Assun\u00e7\u00e3o, escritor e advogado.","Est. tempo de leitura":"13 minutos"},"schema":{"@context":"https:\/\/schema.org","@graph":[{"@type":"Article","@id":"https:\/\/teseseantiteses.com.br\/site\/brasil-inseguranca-juridica\/#article","isPartOf":{"@id":"https:\/\/teseseantiteses.com.br\/site\/brasil-inseguranca-juridica\/"},"author":{"name":"Costa Assun\u00e7\u00e3o, escritor e advogado.","@id":"https:\/\/teseseantiteses.com.br\/site\/#\/schema\/person\/144666082314d9f799a0b9048036a2af"},"headline":"Brasil: inseguran\u00e7a jur\u00eddica","datePublished":"2026-04-23T06:21:57+00:00","dateModified":"2026-04-25T02:13:38+00:00","mainEntityOfPage":{"@id":"https:\/\/teseseantiteses.com.br\/site\/brasil-inseguranca-juridica\/"},"wordCount":2594,"commentCount":0,"publisher":{"@id":"https:\/\/teseseantiteses.com.br\/site\/#organization"},"articleSection":["Brasil - Pol\u00edtica e Justi\u00e7a"],"inLanguage":"pt-BR","potentialAction":[{"@type":"CommentAction","name":"Comment","target":["https:\/\/teseseantiteses.com.br\/site\/brasil-inseguranca-juridica\/#respond"]}]},{"@type":"WebPage","@id":"https:\/\/teseseantiteses.com.br\/site\/brasil-inseguranca-juridica\/","url":"https:\/\/teseseantiteses.com.br\/site\/brasil-inseguranca-juridica\/","name":"Brasil: Inseguran\u00e7a Jur\u00eddica e Seus Impactos - Teses e Ant\u00edteses","isPartOf":{"@id":"https:\/\/teseseantiteses.com.br\/site\/#website"},"datePublished":"2026-04-23T06:21:57+00:00","dateModified":"2026-04-25T02:13:38+00:00","description":"Artigo trata da tem\u00e1tica da inseguran\u00e7a jur\u00eddica com foco em mudan\u00e7as estruturais nas institui\u00e7\u00f5es de Estado no Brasil. Mostra a necessidade de um STF fiscalizado, para que possa oferecer ao pa\u00eds garantias legais na distribui\u00e7\u00e3o de uma justi\u00e7a voltada ao atendimento de causas sociais que contribuam para o desenvolvimento e progresso da Na\u00e7\u00e3o. Conclui ser urgente a aprova\u00e7\u00e3o de um C\u00f3digo de \u00c9tica para avaliar a conduta de ministros do STF, os quais n\u00e3o podem cometer abusos e irregularidades na sua atua\u00e7\u00e3o de promover o imp\u00e9rio da lei e a justi\u00e7a social.","breadcrumb":{"@id":"https:\/\/teseseantiteses.com.br\/site\/brasil-inseguranca-juridica\/#breadcrumb"},"inLanguage":"pt-BR","potentialAction":[{"@type":"ReadAction","target":["https:\/\/teseseantiteses.com.br\/site\/brasil-inseguranca-juridica\/"]}]},{"@type":"BreadcrumbList","@id":"https:\/\/teseseantiteses.com.br\/site\/brasil-inseguranca-juridica\/#breadcrumb","itemListElement":[{"@type":"ListItem","position":1,"name":"In\u00edcio","item":"https:\/\/teseseantiteses.com.br\/site\/"},{"@type":"ListItem","position":2,"name":"Brasil: inseguran\u00e7a jur\u00eddica"}]},{"@type":"WebSite","@id":"https:\/\/teseseantiteses.com.br\/site\/#website","url":"https:\/\/teseseantiteses.com.br\/site\/","name":"Teses e Ant\u00edteses","description":"&quot;Teses e Ant\u00edteses&quot; se prop\u00f5e a trazer para a Internet uma p\u00e1gina que, basicamente, contenha uma coluna do seu autor, Costa Assun\u00e7\u00e3o, abordando temas de Filosofia, Literatura, Teoria Pol\u00edtica, Hist\u00f3ria, Educa\u00e7\u00e3o e Direito.","publisher":{"@id":"https:\/\/teseseantiteses.com.br\/site\/#organization"},"potentialAction":[{"@type":"SearchAction","target":{"@type":"EntryPoint","urlTemplate":"https:\/\/teseseantiteses.com.br\/site\/?s={search_term_string}"},"query-input":{"@type":"PropertyValueSpecification","valueRequired":true,"valueName":"search_term_string"}}],"inLanguage":"pt-BR"},{"@type":"Organization","@id":"https:\/\/teseseantiteses.com.br\/site\/#organization","name":"Teses e Ant\u00edteses","url":"https:\/\/teseseantiteses.com.br\/site\/","logo":{"@type":"ImageObject","inLanguage":"pt-BR","@id":"https:\/\/teseseantiteses.com.br\/site\/#\/schema\/logo\/image\/","url":"https:\/\/teseseantiteses.com.br\/site\/wp-content\/uploads\/2026\/01\/cropped-cropped-blog-escritor.webp","contentUrl":"https:\/\/teseseantiteses.com.br\/site\/wp-content\/uploads\/2026\/01\/cropped-cropped-blog-escritor.webp","width":512,"height":499,"caption":"Teses e Ant\u00edteses"},"image":{"@id":"https:\/\/teseseantiteses.com.br\/site\/#\/schema\/logo\/image\/"}},{"@type":"Person","@id":"https:\/\/teseseantiteses.com.br\/site\/#\/schema\/person\/144666082314d9f799a0b9048036a2af","name":"Costa Assun\u00e7\u00e3o, escritor e advogado.","image":{"@type":"ImageObject","inLanguage":"pt-BR","@id":"https:\/\/teseseantiteses.com.br\/site\/#\/schema\/person\/image\/","url":"https:\/\/secure.gravatar.com\/avatar\/2998476076e0dd604cb27cc219e8d01e67abf05f150e161de72abd9bd569f93e?s=96&d=mm&r=g","contentUrl":"https:\/\/secure.gravatar.com\/avatar\/2998476076e0dd604cb27cc219e8d01e67abf05f150e161de72abd9bd569f93e?s=96&d=mm&r=g","caption":"Costa Assun\u00e7\u00e3o, escritor e advogado."},"sameAs":["https:\/\/www.teseseantiteses.com.br"],"url":"https:\/\/teseseantiteses.com.br\/site\/author\/costaassuncao\/"}]}},"_links":{"self":[{"href":"https:\/\/teseseantiteses.com.br\/site\/wp-json\/wp\/v2\/posts\/313","targetHints":{"allow":["GET"]}}],"collection":[{"href":"https:\/\/teseseantiteses.com.br\/site\/wp-json\/wp\/v2\/posts"}],"about":[{"href":"https:\/\/teseseantiteses.com.br\/site\/wp-json\/wp\/v2\/types\/post"}],"author":[{"embeddable":true,"href":"https:\/\/teseseantiteses.com.br\/site\/wp-json\/wp\/v2\/users\/2"}],"replies":[{"embeddable":true,"href":"https:\/\/teseseantiteses.com.br\/site\/wp-json\/wp\/v2\/comments?post=313"}],"version-history":[{"count":22,"href":"https:\/\/teseseantiteses.com.br\/site\/wp-json\/wp\/v2\/posts\/313\/revisions"}],"predecessor-version":[{"id":347,"href":"https:\/\/teseseantiteses.com.br\/site\/wp-json\/wp\/v2\/posts\/313\/revisions\/347"}],"wp:attachment":[{"href":"https:\/\/teseseantiteses.com.br\/site\/wp-json\/wp\/v2\/media?parent=313"}],"wp:term":[{"taxonomy":"category","embeddable":true,"href":"https:\/\/teseseantiteses.com.br\/site\/wp-json\/wp\/v2\/categories?post=313"},{"taxonomy":"post_tag","embeddable":true,"href":"https:\/\/teseseantiteses.com.br\/site\/wp-json\/wp\/v2\/tags?post=313"}],"curies":[{"name":"wp","href":"https:\/\/api.w.org\/{rel}","templated":true}]}}