{"id":271,"date":"2026-01-25T23:04:10","date_gmt":"2026-01-26T02:04:10","guid":{"rendered":"https:\/\/teseseantiteses.com.br\/site\/?p=271"},"modified":"2026-01-27T11:51:20","modified_gmt":"2026-01-27T14:51:20","slug":"inconveniencias-e-infortunios-do-carater","status":"publish","type":"post","link":"https:\/\/teseseantiteses.com.br\/site\/inconveniencias-e-infortunios-do-carater\/","title":{"rendered":"Inconveni\u00eancias e infort\u00fanios do car\u00e1ter"},"content":{"rendered":"\n<p><\/p>\n\n\n\n<p><\/p>\n\n\n\n<p>O <strong>car\u00e1ter<\/strong> de uma pessoa \u00e9 medido pelo seu <strong>comportamento p\u00fablico e privado<\/strong>, que precisa ser cuidadosamente analisado e avaliado em face de uma s\u00e9rie de atos e a\u00e7\u00f5es demonstradores de influ\u00eancias, sentimentos, vontades, atitudes e decis\u00f5es.<\/p>\n\n\n\n<p><\/p>\n\n\n\n<p>A <strong>Psicologia<\/strong>, principalmente, <strong>e<\/strong> <strong>ci\u00eancias afins <\/strong>dedicadas ao estudo do <strong>comportamento humano<\/strong>, tratam dos v\u00e1rios <strong>tipos de car\u00e1ter<\/strong>.<\/p>\n\n\n\n<p><\/p>\n\n\n\n<p>Segundo a classifica\u00e7\u00e3o de <strong>Wilhelm Reich<\/strong> (1897-1957), psiquiatra, psicanalista, bi\u00f3logo, f\u00edsico e sex\u00f3logo, nascido em territ\u00f3rio que pertencia ao Imp\u00e9rio Austro-H\u00fangaro, que teve cidadania austro-h\u00fangara, estadunidense, polonesa e alem\u00e3, h\u00e1 <strong>cinco tipos de car\u00e1ter<\/strong>: 1. esquizoide; 2. oral; 3. psicopata (ou manipulador); 4. masoquista; 5. r\u00edgido.<\/p>\n\n\n\n<p><\/p>\n\n\n\n<p>A <strong>classifica\u00e7\u00e3o mais coerente<\/strong> com a realidade \u00e9 a de <strong>Carl Gustav Jung<\/strong> (1875-1961), fundador da Psicologia Anal\u00edtica e um dos mais respeit\u00e1veis nomes da Psiquiatria de todos os tempos, que concluiu haver <strong>oito tipos de car\u00e1ter<\/strong>: 1. reflexivo extrovertido; 2. reflexivo introvertido; 3. sentimental extrovertido; 4. sentimental introvertido; 5. perceptivo extrovertido; 6. perceptivo introvertido; 7. intuitivo extrovertido; 8. intuitivo introvertido.<\/p>\n\n\n\n<p><\/p>\n\n\n\n<p>A classifica\u00e7\u00e3o do admir\u00e1vel psic\u00f3logo su\u00ed\u00e7o, embora n\u00e3o seja perfeita, \u00e9 a mais aceit\u00e1vel de todas e combina as <strong>atitudes<\/strong> de extrovers\u00e3o e introvers\u00e3o do indiv\u00edduo com quatro <strong>fun\u00e7\u00f5es psicol\u00f3gicas<\/strong>: pensamento, sentimento, sensa\u00e7\u00e3o e intui\u00e7\u00e3o.<\/p>\n\n\n\n<p><\/p>\n\n\n\n<p>\u00c9 sabido que <strong>todo ser humano possui um car\u00e1ter<\/strong>; \u00e9 um <strong>grande equ\u00edvoco<\/strong>, portanto, <strong>afirmar que uma pessoa n\u00e3o tem car\u00e1ter<\/strong>, visto que este constitui o conjunto de tra\u00e7os morais, \u00e9ticos e comportamentais definidores da \u00edndole e maneira de agir de um indiv\u00edduo, elementos formadores da sua &#8216;personalidade moral&#8217;.<\/p>\n\n\n\n<p><\/p>\n\n\n\n<p><strong>Todo indiv\u00edduo<\/strong>, n\u00e3o resta d\u00favida, <strong>possui um conjunto de qualidades (boas ou m\u00e1s) determinantes da sua conduta, moralidade e \u00edndole<\/strong>, advindo da\u00ed uma extensa diversidade de tipos: honesto\/desonesto; sincero\/fingido; \u00edntegro\/corrupto ou indigno; ambicioso\/sem ambi\u00e7\u00e3o; leal\/desleal; respons\u00e1vel\/irrespons\u00e1vel; respeitoso\/desrespeitoso etc.<\/p>\n\n\n\n<p><\/p>\n\n\n\n<p>N\u00e3o h\u00e1, entretanto, <strong>ningu\u00e9m que se encaixe perfeitamente em um \u00fanico tipo de car\u00e1ter<\/strong>; o denominado <strong>&#8220;car\u00e1ter sem ja\u00e7a&#8221; \u00e9 mais ilus\u00e3o do que verdade<\/strong>, pois, segundo estudos avan\u00e7ados de Psicologia, Neuroci\u00eancia, Gen\u00e9tica Comportamental e Antropologia, existe no ser humano uma complexa mistura de caracteres, com predomin\u00e2ncia de um ou dois deles.<\/p>\n\n\n\n<p><\/p>\n\n\n\n<p>Importante tamb\u00e9m acentuar que <strong>a personalidade<\/strong> de uma pessoa se refere \u00e0 <strong>totaliza\u00e7\u00e3o do ser<\/strong>, que define o seu &#8220;eu&#8221; em a\u00e7\u00e3o perante o mundo; enquanto <strong>o car\u00e1ter<\/strong> constitui os <strong>valores internos<\/strong> que a pessoa cultiva e guiam suas a\u00e7\u00f5es perante o mundo.<\/p>\n\n\n\n<p><\/p>\n\n\n\n<p><strong>A personalidade da pessoa \u00e9 a base de vida do indiv\u00edduo<\/strong> e inclui o temperamento, que \u00e9 inato. \u00c9 o que a pessoa mostra, a olho nu, para o mundo; <strong>\u00e9 o seu exterior<\/strong>, o que a torna uma pessoa \u00fanica, atrav\u00e9s de caracter\u00edsticas (f\u00edsicas, ps\u00edquicas, emocionais), comportamentos, experi\u00eancias de vida e influ\u00eancias do ambiente familiar e social; mas essa <strong>totalidade, muito complexa<\/strong>, esse exterior, est\u00e1 <strong>em liga\u00e7\u00e3o direta com fatores gen\u00e9ticos<\/strong> (o temperamento), que s\u00e3o as varia\u00e7\u00f5es de DNA herdadas dos pais.<\/p>\n\n\n\n<p><\/p>\n\n\n\n<p><strong>O car\u00e1ter<\/strong>, que \u00e9 adquirido e pass\u00edvel de constante aprendizado, pode ser moldado ao longo da vida atrav\u00e9s da educa\u00e7\u00e3o, experi\u00eancias de vida, h\u00e1bitos e intera\u00e7\u00f5es sociais. \u00c9 considerado mais est\u00e1vel e menos vis\u00edvel do que a &#8216;personalidade&#8217;, visto constituir <strong>a parte interior, o \u00edntimo, a alma, o esp\u00edrito, a ess\u00eancia, a parte mais profunda da pessoa<\/strong>, que n\u00e3o se exterioriza de pronto e raramente pode ser notado a olhos nus. Mas <strong>o car\u00e1ter \u00e9 que revela as entranhas, a vida ps\u00edquica da pessoa<\/strong>.<\/p>\n\n\n\n<p><\/p>\n\n\n\n<p>Cabe observar que podemos distinguir <strong>uma multiplicidade de caracteres humanos<\/strong>, uns, pertencentes a indiv\u00edduos bem guiados, que foram bem educados no seio familiar e trouxeram para a vida social a contribui\u00e7\u00e3o de pessoas com formid\u00e1veis dotes para bem servir e comungar com os supremos interesses da ordem e da paz social, e, outros, que,&nbsp;mesmo provindo de fam\u00edlias supostamente bem organizadas, n\u00e3o conseguem trazer uma contribui\u00e7\u00e3o positiva \u00e0 sociedade organizada por serem portadores de condutas ilegais, torpes, imorais ou anti\u00e9ticas.<\/p>\n\n\n\n<p><\/p>\n\n\n\n<p>Ao tratar do car\u00e1ter, n\u00e3o podemos esquecer que, nesse momento, <strong>nosso pa\u00eds est\u00e1 marcado pela conduta anti\u00e9tica e imoral de muitas pessoas p\u00fablicas<\/strong>, sobretudo de autoridades que deviam se dar respeito e respeitar a fam\u00edlia brasileira e a sociedade organizada, al\u00e9m de observarem com profundo interesse e aten\u00e7\u00e3o os princ\u00edpios formadores da Rep\u00fablica, inscritos no art. 1\u00ba, I, II, III, IV e V, da Carta da Cidadania (Constitui\u00e7\u00e3o Federal).<\/p>\n\n\n\n<p><\/p>\n\n\n\n<p><strong>Not\u00edcias<\/strong> que circulam na m\u00eddia, <strong>que<\/strong> <strong>n\u00e3o podem ser tratadas<\/strong> <strong>como<\/strong> <strong>meras<\/strong> &#8216;<strong><em>fake news<\/em><\/strong>&#8216;, esta, uma express\u00e3o inglesa vulgarizada no Brasil para tratar de not\u00edcias falsas ou falsificadas, t\u00eam demonstrado haver uma preocupante e avassaladora m\u00e1 conduta de homens p\u00fablicos, no pa\u00eds, seja na dire\u00e7\u00e3o ou na composi\u00e7\u00e3o de determinados \u00f3rg\u00e3os governamentais das esferas federal, estadual e municipal; seja nos parlamentos, tanto o federal, quanto o estadual e o municipal; e, ainda, no Judici\u00e1rio, do primeiro ao \u00faltimo grau.<\/p>\n\n\n\n<p><\/p>\n\n\n\n<p>Tornou-se tarefa f\u00e1cil vasculhar e encontrar, na <strong>atua\u00e7\u00e3o de agentes pol\u00edticos<\/strong>, uma <strong>descomunal a\u00e7\u00e3o nefasta <\/strong>aos interesses do Estado. In\u00fameros s\u00e3o os atos arbitr\u00e1rios e a\u00e7\u00f5es que bem caracterizam abusos, subornos, falcatruas, corrup\u00e7\u00e3o e crimes financeiros contra entes federativos . O <strong>setor privado<\/strong> tampouco est\u00e1 imune a tais atos e a\u00e7\u00f5es ilegais, tanto no contexto jur\u00eddico, como econ\u00f4mico e corporativo, tendo agido como <strong>comparsa e colaborador na pr\u00e1tica de a\u00e7\u00f5es ilegais de certas autoridades<\/strong>.<\/p>\n\n\n\n<p><\/p>\n\n\n\n<p><strong>Nossas institui\u00e7\u00f5es<\/strong>, em geral, e as unidades da estrutura do Estado, assentadas, governadas e dependentes de atos e a\u00e7\u00f5es de agentes pol\u00edticos e graduados agentes p\u00fablicos, est\u00e3o, <strong>com uma ou outra exce\u00e7\u00e3o<\/strong>, a servi\u00e7o de pessoas inescrupulosas e de autoridades sem \u00e9tica. N\u00e3o podemos, portanto, confiar que temos um Estado Federativo capaz de cumprir o t\u00e3o <strong>sonhado pacto social<\/strong> imaginado por <strong>Rousseau<\/strong> (1712-1778), sufragado pelos federalistas <strong>Alexander Hamilton<\/strong> (1757-1804), <strong>James Madison<\/strong> (1751-1836) e <strong>John Jay<\/strong> (1745-1829), e posto em pr\u00e1tica por <strong>George Washington<\/strong> (1732-1799), <strong>Thomas Jefferson<\/strong> (1743-1826), <strong>Benjamin Franklin<\/strong> (1706-1790) e <strong>John Adams<\/strong> (1735-1826), que se notabilizaram como homens p\u00fablicos.<\/p>\n\n\n\n<p><\/p>\n\n\n\n<p>Esses homens, na <strong>Am\u00e9rica do Norte<\/strong>, eram bem guiados, tinham um car\u00e1ter a toda prova e <strong>compreendiam qual era a miss\u00e3o de um homem p\u00fablico, especialmente a miss\u00e3o de um homem p\u00fablico investido de autoridade<\/strong>. No <strong>Brasil contempor\u00e2neo<\/strong>, contamos, apenas nos dedos das m\u00e3os, os poucos e raros homens p\u00fablicos de grande car\u00e1ter. E precisamos ir ao come\u00e7o da nossa Rep\u00fablica, ou busc\u00e1-los no Brasil-Col\u00f4nia e no Brasil-Imp\u00e9rio, para achar outros poucos, visto que, na Rep\u00fablica Contempor\u00e2nea, s\u00e3o raros e temos certas d\u00favidas quando deparamos com alguns poucos de grande car\u00e1ter.<\/p>\n\n\n\n<p><\/p>\n\n\n\n<p>No Brasil contempor\u00e2neo, \u00e9 mais f\u00e1cil encontrar um homem p\u00fablico, ou um agente pol\u00edtico, mentindo ou desinformando do que falando a verdade; \u00e9 mais frequente e corriqueiro v\u00ea-lo tratar de coisas que n\u00e3o s\u00e3o comprovadas do que de temas s\u00e9rios e delicados; tornou-se costumeiro v\u00ea-lo se defendendo de atos e a\u00e7\u00f5es abomin\u00e1veis e ilegais do que demonstrando uma postura reta de homem p\u00fablico.<\/p>\n\n\n\n<p><\/p>\n\n\n\n<p>Assim \u00e9 que se explica, <strong>por exemplo<\/strong>, a exist\u00eancia de um v\u00eddeo indecoroso do ministro do STF, Dias Toffoli, relatando, de p\u00fablico e aos risos, para a turma de calouros de Direito da Universidade de S\u00e3o Paulo (USP), em evento realizado por volta de 2014, como um colega advogado furtou (ele diz \u201croubou\u201d) um processo de a\u00e7\u00e3o de despejo em que o ministro, na \u00e9poca, atuou como advogado. Narrou um fato que constitui crime (furto de processo) em tom bem humorado e relaxado! O Ministro demonstra, ali, o seu <strong>\u201ccar\u00e1ter\u201d<\/strong> e uma <strong>inequ\u00edvoca aus\u00eancia de decoro<\/strong> ao relatar, com risadas, <strong>um fato<\/strong> que, fosse ele cioso da sua posi\u00e7\u00e3o perante o \u00f3rg\u00e3o m\u00e1ximo do Judici\u00e1rio brasileiro (j\u00e1 era ministro do STF), jamais poderia ter trazido ao conhecimento p\u00fablico, em sinal de respeito por ser membro da Excelsa Corte > <a href=\"https:\/\/www.youtube.com\/watch?v=Eo689d7hK1I\">https:\/\/www.youtube.com\/watch?v=Eo689d7hK1I<\/a> >. \u00a0<\/p>\n\n\n\n<p><\/p>\n\n\n\n<p>O mesmo Ministro vem tendo a sua atua\u00e7\u00e3o contestada no <strong>escandaloso Caso do Banco Master<\/strong>, em raz\u00e3o de estar o <strong>resort Tayay\u00e1<\/strong>, localizado no Paran\u00e1, envolvido numa <strong>transa\u00e7\u00e3o<\/strong> entre o cunhado do dono do Master e os irm\u00e3os do contestado Min. Dias Toffoli, que j\u00e1 foi visto, v\u00e1rias vezes, frequentando e usando depend\u00eancias do resort (chegou a permanecer no resort por <strong>58 dias, em 2025<\/strong>).<\/p>\n\n\n\n<p><\/p>\n\n\n\n<p>Consta haver comprovantes apontando <strong>pagamento de di\u00e1rias<\/strong> <strong>pelo Poder Judici\u00e1rio<\/strong>, no montante de <strong>R$ 548.900,00<\/strong>, para que equipes de seguran\u00e7as acompanhassem o ministro Toffoli durante suas estadias no resort. Conforme relat\u00f3rios, testemunhos e v\u00eddeos, j\u00e1 do conhecimento p\u00fablico, constatou-se que o ministro passou <strong>168 dias no resort<\/strong>, entre os meses de dezembro de 2022 e janeiro de 2026, e agentes do TRT-2 (Tribunal Regional do Trabalho da 2\u00aa Regi\u00e3o) foram mobilizados para fazer o necess\u00e1rio acompanhamento do ministro &gt; <a href=\"https:\/\/www.youtube.com\/watch?v=Y97DxzA2pKo\">https:\/\/www.youtube.com\/watch?v=Y97DxzA2pKo<\/a> &gt;.<\/p>\n\n\n\n<p><\/p>\n\n\n\n<p>O processo do Master, ainda em fase de inqu\u00e9rito, n\u00e3o pode continuar nas m\u00e3os do Min. Toffoli, como relator, e, considerando o envolvimento dos seus parentes, e o dele pr\u00f3prio, com o resort de Ribeir\u00e3o Claro (PR), ele tampouco poder\u00e1 atuar, no processo, como membro de \u00f3rg\u00e3o colegiado ap\u00f3s o t\u00e9rmino do inqu\u00e9rito. Assim, deveria declarar-se impedido como relator do inqu\u00e9rito sigiloso que investiga fraudes bilion\u00e1rias no Banco Master, visto constituir claro <strong>impedimento legal<\/strong> (art. 252, IV, do C\u00f3digo de Processo Penal) a sua relatoria no caso.<\/p>\n\n\n\n<p><\/p>\n\n\n\n<p>Contudo, at\u00e9 esse momento, mesmo sendo alvo de <strong>seis representa\u00e7\u00f5es<\/strong> por condu\u00e7\u00e3o ilegal do inqu\u00e9rito do Master, com cinco pedidos de suspei\u00e7\u00e3o na Procuradoria-Geral da Rep\u00fablica e <strong>um pedido de impeachment<\/strong> no Senado Federal, al\u00e9m de uma representa\u00e7\u00e3o, protocolada no Conselho Nacional de Justi\u00e7a (CNJ), por viola\u00e7\u00e3o \u00e0 Lei Org\u00e2nica da Magistratura (LOMAN), o citado Ministro permanece na relatoria do caso, e tem o apoio da maioria dos ministros do STF! &gt; <a href=\"https:\/\/www.estadao.com.br\/politica\/toffoli-e-alvo-de-seis-representacoes-por-conducao-do-caso-master-veja-o-status-de-cada-acao\/\">https:\/\/www.estadao.com.br\/politica\/toffoli-e-alvo-de-seis-representacoes-por-conducao-do-caso-master-veja-o-status-de-cada-acao\/<\/a> &gt;.<\/p>\n\n\n\n<p><\/p>\n\n\n\n<p>O mencionado Ministro do STF, lamentavelmente, revela as incoer\u00eancias e infort\u00fanios do seu car\u00e1ter, e podemos concluir que n\u00e3o mant\u00e9m uma postura \u00e0 altura do cargo que ocupa. <\/p>\n\n\n\n<p><\/p>\n\n\n\n<p>Dif\u00edcil e desanimador tratar do <strong>car\u00e1ter de pessoas p\u00fablicas investidas de autoridade<\/strong>, que concentram supremos e absurdos poderes, em um pa\u00eds desigual, injusto e preconceituoso, as quais, vezes sem conta, tamb\u00e9m desrespeitam a <strong>dignidade da pessoa humana<\/strong> e s\u00e3o capazes de aplicar a lei em benef\u00edcio pr\u00f3prio.<\/p>\n","protected":false},"excerpt":{"rendered":"<p>O car\u00e1ter de uma pessoa \u00e9 medido pelo seu comportamento p\u00fablico e privado, que precisa ser cuidadosamente analisado e avaliado em face de uma s\u00e9rie de atos e a\u00e7\u00f5es demonstradores de influ\u00eancias, sentimentos, vontades, atitudes e decis\u00f5es. A Psicologia, principalmente, e ci\u00eancias afins dedicadas ao estudo do comportamento humano, tratam dos v\u00e1rios tipos de car\u00e1ter. [&hellip;]<\/p>\n","protected":false},"author":2,"featured_media":0,"comment_status":"open","ping_status":"open","sticky":false,"template":"","format":"standard","meta":{"footnotes":""},"categories":[1],"tags":[17],"class_list":["post-271","post","type-post","status-publish","format-standard","hentry","category-brasil-politica-justica","tag-o-carater-tipos-facetas-boas-e-mas-do-carater-carater-de-homens-publicos-na-america"],"yoast_head":"<!-- This site is optimized with the Yoast SEO plugin v26.8 - https:\/\/yoast.com\/product\/yoast-seo-wordpress\/ -->\n<title>Inconveni\u00eancias e infort\u00fanios do car\u00e1ter - Teses e Ant\u00edteses<\/title>\n<meta name=\"description\" content=\"Entenda o car\u00e1ter e sua influ\u00eancia no comportamento p\u00fablico e privado. Descubra os tipos de car\u00e1ter e caracteres funestos.\" \/>\n<meta name=\"robots\" content=\"index, follow, max-snippet:-1, max-image-preview:large, max-video-preview:-1\" \/>\n<link rel=\"canonical\" href=\"https:\/\/teseseantiteses.com.br\/site\/inconveniencias-e-infortunios-do-carater\/\" \/>\n<meta property=\"og:locale\" content=\"pt_BR\" \/>\n<meta property=\"og:type\" content=\"article\" \/>\n<meta property=\"og:title\" content=\"Inconveni\u00eancias e infort\u00fanios do car\u00e1ter - Teses e Ant\u00edteses\" \/>\n<meta property=\"og:description\" content=\"Entenda o car\u00e1ter e sua influ\u00eancia no comportamento p\u00fablico e privado. Descubra os tipos de car\u00e1ter e caracteres funestos.\" \/>\n<meta property=\"og:url\" content=\"https:\/\/teseseantiteses.com.br\/site\/inconveniencias-e-infortunios-do-carater\/\" \/>\n<meta property=\"og:site_name\" content=\"Teses e Ant\u00edteses\" \/>\n<meta property=\"article:published_time\" content=\"2026-01-26T02:04:10+00:00\" \/>\n<meta property=\"article:modified_time\" content=\"2026-01-27T14:51:20+00:00\" \/>\n<meta name=\"author\" content=\"Costa Assun\u00e7\u00e3o, escritor e advogado.\" \/>\n<meta name=\"twitter:card\" content=\"summary_large_image\" \/>\n<meta name=\"twitter:label1\" content=\"Escrito por\" \/>\n\t<meta name=\"twitter:data1\" content=\"Costa Assun\u00e7\u00e3o, escritor e advogado.\" \/>\n\t<meta name=\"twitter:label2\" content=\"Est. tempo de leitura\" \/>\n\t<meta name=\"twitter:data2\" content=\"9 minutos\" \/>\n<script type=\"application\/ld+json\" class=\"yoast-schema-graph\">{\"@context\":\"https:\/\/schema.org\",\"@graph\":[{\"@type\":\"Article\",\"@id\":\"https:\/\/teseseantiteses.com.br\/site\/inconveniencias-e-infortunios-do-carater\/#article\",\"isPartOf\":{\"@id\":\"https:\/\/teseseantiteses.com.br\/site\/inconveniencias-e-infortunios-do-carater\/\"},\"author\":{\"name\":\"Costa Assun\u00e7\u00e3o, escritor e advogado.\",\"@id\":\"https:\/\/teseseantiteses.com.br\/site\/#\/schema\/person\/144666082314d9f799a0b9048036a2af\"},\"headline\":\"Inconveni\u00eancias e infort\u00fanios do car\u00e1ter\",\"datePublished\":\"2026-01-26T02:04:10+00:00\",\"dateModified\":\"2026-01-27T14:51:20+00:00\",\"mainEntityOfPage\":{\"@id\":\"https:\/\/teseseantiteses.com.br\/site\/inconveniencias-e-infortunios-do-carater\/\"},\"wordCount\":1856,\"commentCount\":0,\"publisher\":{\"@id\":\"https:\/\/teseseantiteses.com.br\/site\/#organization\"},\"keywords\":[\"O Car\u00e1ter; Tipos; Facetas boas e m\u00e1s do car\u00e1ter; Car\u00e1ter de homens p\u00fablicos na Am\u00e9rica\"],\"articleSection\":[\"Brasil - Pol\u00edtica e Justi\u00e7a\"],\"inLanguage\":\"pt-BR\",\"potentialAction\":[{\"@type\":\"CommentAction\",\"name\":\"Comment\",\"target\":[\"https:\/\/teseseantiteses.com.br\/site\/inconveniencias-e-infortunios-do-carater\/#respond\"]}]},{\"@type\":\"WebPage\",\"@id\":\"https:\/\/teseseantiteses.com.br\/site\/inconveniencias-e-infortunios-do-carater\/\",\"url\":\"https:\/\/teseseantiteses.com.br\/site\/inconveniencias-e-infortunios-do-carater\/\",\"name\":\"Inconveni\u00eancias e infort\u00fanios do car\u00e1ter - Teses e Ant\u00edteses\",\"isPartOf\":{\"@id\":\"https:\/\/teseseantiteses.com.br\/site\/#website\"},\"datePublished\":\"2026-01-26T02:04:10+00:00\",\"dateModified\":\"2026-01-27T14:51:20+00:00\",\"description\":\"Entenda o car\u00e1ter e sua influ\u00eancia no comportamento p\u00fablico e privado. Descubra os tipos de car\u00e1ter e caracteres funestos.\",\"breadcrumb\":{\"@id\":\"https:\/\/teseseantiteses.com.br\/site\/inconveniencias-e-infortunios-do-carater\/#breadcrumb\"},\"inLanguage\":\"pt-BR\",\"potentialAction\":[{\"@type\":\"ReadAction\",\"target\":[\"https:\/\/teseseantiteses.com.br\/site\/inconveniencias-e-infortunios-do-carater\/\"]}]},{\"@type\":\"BreadcrumbList\",\"@id\":\"https:\/\/teseseantiteses.com.br\/site\/inconveniencias-e-infortunios-do-carater\/#breadcrumb\",\"itemListElement\":[{\"@type\":\"ListItem\",\"position\":1,\"name\":\"In\u00edcio\",\"item\":\"https:\/\/teseseantiteses.com.br\/site\/\"},{\"@type\":\"ListItem\",\"position\":2,\"name\":\"Inconveni\u00eancias e infort\u00fanios do car\u00e1ter\"}]},{\"@type\":\"WebSite\",\"@id\":\"https:\/\/teseseantiteses.com.br\/site\/#website\",\"url\":\"https:\/\/teseseantiteses.com.br\/site\/\",\"name\":\"Teses e Ant\u00edteses\",\"description\":\"&quot;Teses e Ant\u00edteses&quot; se prop\u00f5e a trazer para a Internet uma p\u00e1gina que, basicamente, contenha uma coluna do seu autor, Costa Assun\u00e7\u00e3o, abordando temas de Filosofia, Literatura, Teoria Pol\u00edtica, Hist\u00f3ria, Educa\u00e7\u00e3o e Direito.\",\"publisher\":{\"@id\":\"https:\/\/teseseantiteses.com.br\/site\/#organization\"},\"potentialAction\":[{\"@type\":\"SearchAction\",\"target\":{\"@type\":\"EntryPoint\",\"urlTemplate\":\"https:\/\/teseseantiteses.com.br\/site\/?s={search_term_string}\"},\"query-input\":{\"@type\":\"PropertyValueSpecification\",\"valueRequired\":true,\"valueName\":\"search_term_string\"}}],\"inLanguage\":\"pt-BR\"},{\"@type\":\"Organization\",\"@id\":\"https:\/\/teseseantiteses.com.br\/site\/#organization\",\"name\":\"Teses e Ant\u00edteses\",\"url\":\"https:\/\/teseseantiteses.com.br\/site\/\",\"logo\":{\"@type\":\"ImageObject\",\"inLanguage\":\"pt-BR\",\"@id\":\"https:\/\/teseseantiteses.com.br\/site\/#\/schema\/logo\/image\/\",\"url\":\"https:\/\/teseseantiteses.com.br\/site\/wp-content\/uploads\/2026\/01\/cropped-cropped-blog-escritor.webp\",\"contentUrl\":\"https:\/\/teseseantiteses.com.br\/site\/wp-content\/uploads\/2026\/01\/cropped-cropped-blog-escritor.webp\",\"width\":512,\"height\":499,\"caption\":\"Teses e Ant\u00edteses\"},\"image\":{\"@id\":\"https:\/\/teseseantiteses.com.br\/site\/#\/schema\/logo\/image\/\"}},{\"@type\":\"Person\",\"@id\":\"https:\/\/teseseantiteses.com.br\/site\/#\/schema\/person\/144666082314d9f799a0b9048036a2af\",\"name\":\"Costa Assun\u00e7\u00e3o, escritor e advogado.\",\"image\":{\"@type\":\"ImageObject\",\"inLanguage\":\"pt-BR\",\"@id\":\"https:\/\/teseseantiteses.com.br\/site\/#\/schema\/person\/image\/\",\"url\":\"https:\/\/secure.gravatar.com\/avatar\/2998476076e0dd604cb27cc219e8d01e67abf05f150e161de72abd9bd569f93e?s=96&d=mm&r=g\",\"contentUrl\":\"https:\/\/secure.gravatar.com\/avatar\/2998476076e0dd604cb27cc219e8d01e67abf05f150e161de72abd9bd569f93e?s=96&d=mm&r=g\",\"caption\":\"Costa Assun\u00e7\u00e3o, escritor e advogado.\"},\"sameAs\":[\"https:\/\/www.teseseantiteses.com.br\"],\"url\":\"https:\/\/teseseantiteses.com.br\/site\/author\/costaassuncao\/\"}]}<\/script>\n<!-- \/ Yoast SEO plugin. -->","yoast_head_json":{"title":"Inconveni\u00eancias e infort\u00fanios do car\u00e1ter - Teses e Ant\u00edteses","description":"Entenda o car\u00e1ter e sua influ\u00eancia no comportamento p\u00fablico e privado. Descubra os tipos de car\u00e1ter e caracteres funestos.","robots":{"index":"index","follow":"follow","max-snippet":"max-snippet:-1","max-image-preview":"max-image-preview:large","max-video-preview":"max-video-preview:-1"},"canonical":"https:\/\/teseseantiteses.com.br\/site\/inconveniencias-e-infortunios-do-carater\/","og_locale":"pt_BR","og_type":"article","og_title":"Inconveni\u00eancias e infort\u00fanios do car\u00e1ter - Teses e Ant\u00edteses","og_description":"Entenda o car\u00e1ter e sua influ\u00eancia no comportamento p\u00fablico e privado. Descubra os tipos de car\u00e1ter e caracteres funestos.","og_url":"https:\/\/teseseantiteses.com.br\/site\/inconveniencias-e-infortunios-do-carater\/","og_site_name":"Teses e Ant\u00edteses","article_published_time":"2026-01-26T02:04:10+00:00","article_modified_time":"2026-01-27T14:51:20+00:00","author":"Costa Assun\u00e7\u00e3o, escritor e advogado.","twitter_card":"summary_large_image","twitter_misc":{"Escrito por":"Costa Assun\u00e7\u00e3o, escritor e advogado.","Est. tempo de leitura":"9 minutos"},"schema":{"@context":"https:\/\/schema.org","@graph":[{"@type":"Article","@id":"https:\/\/teseseantiteses.com.br\/site\/inconveniencias-e-infortunios-do-carater\/#article","isPartOf":{"@id":"https:\/\/teseseantiteses.com.br\/site\/inconveniencias-e-infortunios-do-carater\/"},"author":{"name":"Costa Assun\u00e7\u00e3o, escritor e advogado.","@id":"https:\/\/teseseantiteses.com.br\/site\/#\/schema\/person\/144666082314d9f799a0b9048036a2af"},"headline":"Inconveni\u00eancias e infort\u00fanios do car\u00e1ter","datePublished":"2026-01-26T02:04:10+00:00","dateModified":"2026-01-27T14:51:20+00:00","mainEntityOfPage":{"@id":"https:\/\/teseseantiteses.com.br\/site\/inconveniencias-e-infortunios-do-carater\/"},"wordCount":1856,"commentCount":0,"publisher":{"@id":"https:\/\/teseseantiteses.com.br\/site\/#organization"},"keywords":["O Car\u00e1ter; Tipos; Facetas boas e m\u00e1s do car\u00e1ter; Car\u00e1ter de homens p\u00fablicos na Am\u00e9rica"],"articleSection":["Brasil - Pol\u00edtica e Justi\u00e7a"],"inLanguage":"pt-BR","potentialAction":[{"@type":"CommentAction","name":"Comment","target":["https:\/\/teseseantiteses.com.br\/site\/inconveniencias-e-infortunios-do-carater\/#respond"]}]},{"@type":"WebPage","@id":"https:\/\/teseseantiteses.com.br\/site\/inconveniencias-e-infortunios-do-carater\/","url":"https:\/\/teseseantiteses.com.br\/site\/inconveniencias-e-infortunios-do-carater\/","name":"Inconveni\u00eancias e infort\u00fanios do car\u00e1ter - Teses e Ant\u00edteses","isPartOf":{"@id":"https:\/\/teseseantiteses.com.br\/site\/#website"},"datePublished":"2026-01-26T02:04:10+00:00","dateModified":"2026-01-27T14:51:20+00:00","description":"Entenda o car\u00e1ter e sua influ\u00eancia no comportamento p\u00fablico e privado. Descubra os tipos de car\u00e1ter e caracteres funestos.","breadcrumb":{"@id":"https:\/\/teseseantiteses.com.br\/site\/inconveniencias-e-infortunios-do-carater\/#breadcrumb"},"inLanguage":"pt-BR","potentialAction":[{"@type":"ReadAction","target":["https:\/\/teseseantiteses.com.br\/site\/inconveniencias-e-infortunios-do-carater\/"]}]},{"@type":"BreadcrumbList","@id":"https:\/\/teseseantiteses.com.br\/site\/inconveniencias-e-infortunios-do-carater\/#breadcrumb","itemListElement":[{"@type":"ListItem","position":1,"name":"In\u00edcio","item":"https:\/\/teseseantiteses.com.br\/site\/"},{"@type":"ListItem","position":2,"name":"Inconveni\u00eancias e infort\u00fanios do car\u00e1ter"}]},{"@type":"WebSite","@id":"https:\/\/teseseantiteses.com.br\/site\/#website","url":"https:\/\/teseseantiteses.com.br\/site\/","name":"Teses e Ant\u00edteses","description":"&quot;Teses e Ant\u00edteses&quot; se prop\u00f5e a trazer para a Internet uma p\u00e1gina que, basicamente, contenha uma coluna do seu autor, Costa Assun\u00e7\u00e3o, abordando temas de Filosofia, Literatura, Teoria Pol\u00edtica, Hist\u00f3ria, Educa\u00e7\u00e3o e Direito.","publisher":{"@id":"https:\/\/teseseantiteses.com.br\/site\/#organization"},"potentialAction":[{"@type":"SearchAction","target":{"@type":"EntryPoint","urlTemplate":"https:\/\/teseseantiteses.com.br\/site\/?s={search_term_string}"},"query-input":{"@type":"PropertyValueSpecification","valueRequired":true,"valueName":"search_term_string"}}],"inLanguage":"pt-BR"},{"@type":"Organization","@id":"https:\/\/teseseantiteses.com.br\/site\/#organization","name":"Teses e Ant\u00edteses","url":"https:\/\/teseseantiteses.com.br\/site\/","logo":{"@type":"ImageObject","inLanguage":"pt-BR","@id":"https:\/\/teseseantiteses.com.br\/site\/#\/schema\/logo\/image\/","url":"https:\/\/teseseantiteses.com.br\/site\/wp-content\/uploads\/2026\/01\/cropped-cropped-blog-escritor.webp","contentUrl":"https:\/\/teseseantiteses.com.br\/site\/wp-content\/uploads\/2026\/01\/cropped-cropped-blog-escritor.webp","width":512,"height":499,"caption":"Teses e Ant\u00edteses"},"image":{"@id":"https:\/\/teseseantiteses.com.br\/site\/#\/schema\/logo\/image\/"}},{"@type":"Person","@id":"https:\/\/teseseantiteses.com.br\/site\/#\/schema\/person\/144666082314d9f799a0b9048036a2af","name":"Costa Assun\u00e7\u00e3o, escritor e advogado.","image":{"@type":"ImageObject","inLanguage":"pt-BR","@id":"https:\/\/teseseantiteses.com.br\/site\/#\/schema\/person\/image\/","url":"https:\/\/secure.gravatar.com\/avatar\/2998476076e0dd604cb27cc219e8d01e67abf05f150e161de72abd9bd569f93e?s=96&d=mm&r=g","contentUrl":"https:\/\/secure.gravatar.com\/avatar\/2998476076e0dd604cb27cc219e8d01e67abf05f150e161de72abd9bd569f93e?s=96&d=mm&r=g","caption":"Costa Assun\u00e7\u00e3o, escritor e advogado."},"sameAs":["https:\/\/www.teseseantiteses.com.br"],"url":"https:\/\/teseseantiteses.com.br\/site\/author\/costaassuncao\/"}]}},"_links":{"self":[{"href":"https:\/\/teseseantiteses.com.br\/site\/wp-json\/wp\/v2\/posts\/271","targetHints":{"allow":["GET"]}}],"collection":[{"href":"https:\/\/teseseantiteses.com.br\/site\/wp-json\/wp\/v2\/posts"}],"about":[{"href":"https:\/\/teseseantiteses.com.br\/site\/wp-json\/wp\/v2\/types\/post"}],"author":[{"embeddable":true,"href":"https:\/\/teseseantiteses.com.br\/site\/wp-json\/wp\/v2\/users\/2"}],"replies":[{"embeddable":true,"href":"https:\/\/teseseantiteses.com.br\/site\/wp-json\/wp\/v2\/comments?post=271"}],"version-history":[{"count":19,"href":"https:\/\/teseseantiteses.com.br\/site\/wp-json\/wp\/v2\/posts\/271\/revisions"}],"predecessor-version":[{"id":307,"href":"https:\/\/teseseantiteses.com.br\/site\/wp-json\/wp\/v2\/posts\/271\/revisions\/307"}],"wp:attachment":[{"href":"https:\/\/teseseantiteses.com.br\/site\/wp-json\/wp\/v2\/media?parent=271"}],"wp:term":[{"taxonomy":"category","embeddable":true,"href":"https:\/\/teseseantiteses.com.br\/site\/wp-json\/wp\/v2\/categories?post=271"},{"taxonomy":"post_tag","embeddable":true,"href":"https:\/\/teseseantiteses.com.br\/site\/wp-json\/wp\/v2\/tags?post=271"}],"curies":[{"name":"wp","href":"https:\/\/api.w.org\/{rel}","templated":true}]}}